{"id":20846,"date":"2008-04-03T13:12:15","date_gmt":"2008-04-03T13:12:15","guid":{"rendered":"https:\/\/obscom.intervozes.org.br\/wordpress\/?p=20846"},"modified":"2008-04-03T13:12:15","modified_gmt":"2008-04-03T13:12:15","slug":"semeghini-bornhausen-e-rollemberg-vao-presidir-subcomissoes-tematicas-da-cctci-da-camara","status":"publish","type":"post","link":"https:\/\/obscom.intervozes.org.br\/?p=20846","title":{"rendered":"Semeghini, Bornhausen e Rollemberg v\u00e3o presidir subcomiss\u00f5es tem\u00e1ticas da CCTCI da C\u00e2mara"},"content":{"rendered":"<p style=\"margin: 0cm 0cm 0pt\" class=\"MsoNormal\"><span>A Comiss&atilde;o de Ci&ecirc;ncia, Tecnologia, Comunica&ccedil;&atilde;o e Inform&aacute;tica (CCTI) da C&acirc;mara dos Deputados elegeu na quarta-feira, 2, os presidentes de tr&ecirc;s subcomiss&otilde;es tem&aacute;ticas que devem aprofundar as discuss&otilde;es de&nbsp;quest&otilde;es espec&iacute;ficas para posterior avalia&ccedil;&atilde;o da CCTCI.<\/p>\n<p><\/span><span>A Subcomiss&atilde;o de Comunica&ccedil;&atilde;o, que dever&aacute; discutir, entre outras quest&otilde;es, a futura mudan&ccedil;a do Plano Geral de Outorgas (PGO) para permitir a uni&atilde;o das concession&aacute;rias de telefonia, ser&aacute; presidia pelo ex-presidente da CCTI, deputado J&uacute;lio Semeghini (PSDB\/SP).<\/p>\n<p><\/span><span>J&aacute; a Subcomiss&atilde;o de Radiodifus&atilde;o ser&aacute; comandada pelo deputado Paulo Bornhausen (DEM\/SC), que tamb&eacute;m preside a Frente Parlamentar Mista da Radiodifus&atilde;o. <\/p>\n<p>O terceiro grupo, a Subcomiss&atilde;o de Ci&ecirc;ncia e Tecnologia, ser&aacute; presidida pelo deputado Rodrigo Rollemberg (PSB\/DF).<\/span><\/p>\n","protected":false},"excerpt":{"rendered":"<p>A Comiss&atilde;o de Ci&ecirc;ncia, Tecnologia, Comunica&ccedil;&atilde;o e Inform&aacute;tica (CCTI) da C&acirc;mara dos Deputados elegeu na quarta-feira, 2, os presidentes de tr&ecirc;s subcomiss&otilde;es tem&aacute;ticas que devem aprofundar as discuss&otilde;es de&nbsp;quest&otilde;es espec&iacute;ficas para posterior avalia&ccedil;&atilde;o da CCTCI. A Subcomiss&atilde;o de Comunica&ccedil;&atilde;o, que dever&aacute; discutir, entre outras quest&otilde;es, a futura mudan&ccedil;a do Plano Geral de Outorgas (PGO) para &hellip; <a href=\"https:\/\/obscom.intervozes.org.br\/?p=20846\" class=\"more-link\">Continue lendo <span class=\"screen-reader-text\">Semeghini, Bornhausen e Rollemberg v\u00e3o presidir subcomiss\u00f5es tem\u00e1ticas da CCTCI da C\u00e2mara<\/span> <span class=\"meta-nav\">&rarr;<\/span><\/a><\/p>\n","protected":false},"author":1,"featured_media":0,"comment_status":"open","ping_status":"open","sticky":false,"template":"","format":"standard","meta":{"footnotes":""},"categories":[39],"tags":[],"_links":{"self":[{"href":"https:\/\/obscom.intervozes.org.br\/index.php?rest_route=\/wp\/v2\/posts\/20846"}],"collection":[{"href":"https:\/\/obscom.intervozes.org.br\/index.php?rest_route=\/wp\/v2\/posts"}],"about":[{"href":"https:\/\/obscom.intervozes.org.br\/index.php?rest_route=\/wp\/v2\/types\/post"}],"author":[{"embeddable":true,"href":"https:\/\/obscom.intervozes.org.br\/index.php?rest_route=\/wp\/v2\/users\/1"}],"replies":[{"embeddable":true,"href":"https:\/\/obscom.intervozes.org.br\/index.php?rest_route=%2Fwp%2Fv2%2Fcomments&post=20846"}],"version-history":[{"count":0,"href":"https:\/\/obscom.intervozes.org.br\/index.php?rest_route=\/wp\/v2\/posts\/20846\/revisions"}],"wp:attachment":[{"href":"https:\/\/obscom.intervozes.org.br\/index.php?rest_route=%2Fwp%2Fv2%2Fmedia&parent=20846"}],"wp:term":[{"taxonomy":"category","embeddable":true,"href":"https:\/\/obscom.intervozes.org.br\/index.php?rest_route=%2Fwp%2Fv2%2Fcategories&post=20846"},{"taxonomy":"post_tag","embeddable":true,"href":"https:\/\/obscom.intervozes.org.br\/index.php?rest_route=%2Fwp%2Fv2%2Ftags&post=20846"}],"curies":[{"name":"wp","href":"https:\/\/api.w.org\/{rel}","templated":true}]}}