{"id":20840,"date":"2008-04-02T15:09:49","date_gmt":"2008-04-02T15:09:49","guid":{"rendered":"https:\/\/obscom.intervozes.org.br\/wordpress\/?p=20840"},"modified":"2008-04-02T15:09:49","modified_gmt":"2008-04-02T15:09:49","slug":"conselho-curador-da-ebc-tera-audiencias-publicas-semestrais","status":"publish","type":"post","link":"https:\/\/obscom.intervozes.org.br\/?p=20840","title":{"rendered":"Conselho Curador da EBC ter\u00e1 audi\u00eancias p\u00fablicas semestrais"},"content":{"rendered":"<p>O Conselho Curador da Empresa Brasil de Comunica&ccedil;&atilde;o (EBC) se reuniu hoje (1&ordm;) pela segunda vez, em Bras&iacute;lia, e definiu que ser&aacute; feita uma audi&ecirc;ncia p&uacute;blica a cada semestre para ouvir as demandas da sociedade sobre a comunica&ccedil;&atilde;o p&uacute;blica no pa&iacute;s. Os conselheiros marcaram para 13 de maio uma pr&oacute;xima reuni&atilde;o, ainda sem lugar definido, para estabelecer a data da primeira audi&ecirc;ncia e os crit&eacute;rios de legitimidade para a inscri&ccedil;&atilde;o de pessoas ou entidades que queiram participar.<\/p>\n<p>O presidente do Conselho, economista Luiz Gonzaga Belluzzo, afirmou que &ldquo;a audi&ecirc;ncia servir&aacute; para ouvir as institui&ccedil;&otilde;es que est&atilde;o ligadas &agrave; &aacute;rea de comunica&ccedil;&atilde;o, al&eacute;m de sugest&otilde;es e observa&ccedil;&otilde;es sobre o andamento da TV [Brasil]&rdquo;.<\/p>\n<p>Participaram do encontro os conselheiros que representam a sociedade civil, al&eacute;m da diretora-presidente da EBC, Tereza Cruvinel, o diretor-geral Orlando Senna, a diretora de jornalismo Helena Chagas e o diretor de programa&ccedil;&atilde;o Leopoldo Nunes. <\/p>\n<p>O conselho curador da EBC &eacute; formado por 15 pessoas e tem reuni&otilde;es peri&oacute;dicas com a dire&ccedil;&atilde;o da empresa. No encontro de ontem, faltaram o ex-deputado Delfim Netto, o rapper MV Bill, a artista pl&aacute;stica e carnavalesca Rosa Magalh&atilde;es e o cientista pol&iacute;tico Wanderley Guilherme dos Santos. <\/p>\n<p>As informa&ccedil;&otilde;es s&atilde;o da Ag&ecirc;ncia Brasil.<\/p>\n","protected":false},"excerpt":{"rendered":"<p>O Conselho Curador da Empresa Brasil de Comunica&ccedil;&atilde;o (EBC) se reuniu hoje (1&ordm;) pela segunda vez, em Bras&iacute;lia, e definiu que ser&aacute; feita uma audi&ecirc;ncia p&uacute;blica a cada semestre para ouvir as demandas da sociedade sobre a comunica&ccedil;&atilde;o p&uacute;blica no pa&iacute;s. Os conselheiros marcaram para 13 de maio uma pr&oacute;xima reuni&atilde;o, ainda sem lugar definido, &hellip; <a href=\"https:\/\/obscom.intervozes.org.br\/?p=20840\" class=\"more-link\">Continue lendo <span class=\"screen-reader-text\">Conselho Curador da EBC ter\u00e1 audi\u00eancias p\u00fablicas semestrais<\/span> <span class=\"meta-nav\">&rarr;<\/span><\/a><\/p>\n","protected":false},"author":1,"featured_media":0,"comment_status":"open","ping_status":"open","sticky":false,"template":"","format":"standard","meta":{"footnotes":""},"categories":[39],"tags":[],"_links":{"self":[{"href":"https:\/\/obscom.intervozes.org.br\/index.php?rest_route=\/wp\/v2\/posts\/20840"}],"collection":[{"href":"https:\/\/obscom.intervozes.org.br\/index.php?rest_route=\/wp\/v2\/posts"}],"about":[{"href":"https:\/\/obscom.intervozes.org.br\/index.php?rest_route=\/wp\/v2\/types\/post"}],"author":[{"embeddable":true,"href":"https:\/\/obscom.intervozes.org.br\/index.php?rest_route=\/wp\/v2\/users\/1"}],"replies":[{"embeddable":true,"href":"https:\/\/obscom.intervozes.org.br\/index.php?rest_route=%2Fwp%2Fv2%2Fcomments&post=20840"}],"version-history":[{"count":0,"href":"https:\/\/obscom.intervozes.org.br\/index.php?rest_route=\/wp\/v2\/posts\/20840\/revisions"}],"wp:attachment":[{"href":"https:\/\/obscom.intervozes.org.br\/index.php?rest_route=%2Fwp%2Fv2%2Fmedia&parent=20840"}],"wp:term":[{"taxonomy":"category","embeddable":true,"href":"https:\/\/obscom.intervozes.org.br\/index.php?rest_route=%2Fwp%2Fv2%2Fcategories&post=20840"},{"taxonomy":"post_tag","embeddable":true,"href":"https:\/\/obscom.intervozes.org.br\/index.php?rest_route=%2Fwp%2Fv2%2Ftags&post=20840"}],"curies":[{"name":"wp","href":"https:\/\/api.w.org\/{rel}","templated":true}]}}