{"id":20837,"date":"2008-04-02T15:00:41","date_gmt":"2008-04-02T15:00:41","guid":{"rendered":"https:\/\/obscom.intervozes.org.br\/wordpress\/?p=20837"},"modified":"2008-04-02T15:00:41","modified_gmt":"2008-04-02T15:00:41","slug":"camara-debate-programacao-impropria-na-tv-por-assinatura-no-dia-16","status":"publish","type":"post","link":"https:\/\/obscom.intervozes.org.br\/?p=20837","title":{"rendered":"C\u00e2mara debate programa\u00e7\u00e3o impr\u00f3pria na TV por assinatura no dia 16"},"content":{"rendered":"<p>Foi agendada para o dia 16 de abril a&nbsp;audi&ecirc;ncia p&uacute;blica da Comiss&atilde;o de Defesa do Consumidor&nbsp;que ir&aacute; debater se canais de TV por assinatura t&ecirc;m respeitado os hor&aacute;rios estabelecidos para veicula&ccedil;&atilde;o de programa&ccedil;&atilde;o adulta e com cenas de viol&ecirc;ncia. Foram convidados para a discuss&atilde;o representantes dos canais Telecine, Cinemax, Canal Brasil, Cartoon Network e das empresas Sky e NET.<\/p>\n","protected":false},"excerpt":{"rendered":"<p>Foi agendada para o dia 16 de abril a&nbsp;audi&ecirc;ncia p&uacute;blica da Comiss&atilde;o de Defesa do Consumidor&nbsp;que ir&aacute; debater se canais de TV por assinatura t&ecirc;m respeitado os hor&aacute;rios estabelecidos para veicula&ccedil;&atilde;o de programa&ccedil;&atilde;o adulta e com cenas de viol&ecirc;ncia. Foram convidados para a discuss&atilde;o representantes dos canais Telecine, Cinemax, Canal Brasil, Cartoon Network e das &hellip; <a href=\"https:\/\/obscom.intervozes.org.br\/?p=20837\" class=\"more-link\">Continue lendo <span class=\"screen-reader-text\">C\u00e2mara debate programa\u00e7\u00e3o impr\u00f3pria na TV por assinatura no dia 16<\/span> <span class=\"meta-nav\">&rarr;<\/span><\/a><\/p>\n","protected":false},"author":1,"featured_media":0,"comment_status":"open","ping_status":"open","sticky":false,"template":"","format":"standard","meta":{"footnotes":""},"categories":[39],"tags":[],"_links":{"self":[{"href":"https:\/\/obscom.intervozes.org.br\/index.php?rest_route=\/wp\/v2\/posts\/20837"}],"collection":[{"href":"https:\/\/obscom.intervozes.org.br\/index.php?rest_route=\/wp\/v2\/posts"}],"about":[{"href":"https:\/\/obscom.intervozes.org.br\/index.php?rest_route=\/wp\/v2\/types\/post"}],"author":[{"embeddable":true,"href":"https:\/\/obscom.intervozes.org.br\/index.php?rest_route=\/wp\/v2\/users\/1"}],"replies":[{"embeddable":true,"href":"https:\/\/obscom.intervozes.org.br\/index.php?rest_route=%2Fwp%2Fv2%2Fcomments&post=20837"}],"version-history":[{"count":0,"href":"https:\/\/obscom.intervozes.org.br\/index.php?rest_route=\/wp\/v2\/posts\/20837\/revisions"}],"wp:attachment":[{"href":"https:\/\/obscom.intervozes.org.br\/index.php?rest_route=%2Fwp%2Fv2%2Fmedia&parent=20837"}],"wp:term":[{"taxonomy":"category","embeddable":true,"href":"https:\/\/obscom.intervozes.org.br\/index.php?rest_route=%2Fwp%2Fv2%2Fcategories&post=20837"},{"taxonomy":"post_tag","embeddable":true,"href":"https:\/\/obscom.intervozes.org.br\/index.php?rest_route=%2Fwp%2Fv2%2Ftags&post=20837"}],"curies":[{"name":"wp","href":"https:\/\/api.w.org\/{rel}","templated":true}]}}