{"id":20832,"date":"2008-04-02T12:43:28","date_gmt":"2008-04-02T12:43:28","guid":{"rendered":"https:\/\/obscom.intervozes.org.br\/wordpress\/?p=20832"},"modified":"2008-04-02T12:43:28","modified_gmt":"2008-04-02T12:43:28","slug":"discussao-sobre-mudancas-em-regras-da-radiodifusao-e-adiada","status":"publish","type":"post","link":"https:\/\/obscom.intervozes.org.br\/?p=20832","title":{"rendered":"Discuss\u00e3o sobre mudan\u00e7as em regras da radiodifus\u00e3o \u00e9 adiada"},"content":{"rendered":"<p>Os deputados da Comiss&atilde;o de Ci&ecirc;ncia, Tecnologia e Comunica&ccedil;&atilde;o da C&acirc;mara dos Deputados deveriam ter retomado nesta ter&ccedil;a-feira, 1, os debates sobre a proposta de alterar o sistema de concess&atilde;o de outorgas na radiodifus&atilde;o. Mas a reapresenta&ccedil;&atilde;o do relat&oacute;rio da Subcomiss&atilde;o Especial criada para tratar especificamente deste tema foi adiada por motivos de for&ccedil;a maior. Um vazamento de g&aacute;s no Posto M&eacute;dico da C&acirc;mara dos Deputados fez com que o Corpo de Bombeiros evacuasse o Anexo II da Casa, onde estava sendo realizada a reuni&atilde;o. <\/p>\n<p>N&atilde;o foi marcada nova data para a leitura do relat&oacute;rio, o que abrir&aacute; oficialmente os debates sobre as mudan&ccedil;as propostas para a radiodifus&atilde;o.<\/p>\n<p><strong>Documento conhecido<\/p>\n<p><\/strong>O documento que come&ccedil;ou a ser apresentado hoje aos deputados j&aacute; &eacute; conhecido desde o ano passado, quando a subcomiss&atilde;o concluiu seus trabalhos. O relat&oacute;rio de autoria da deputada Maria do Carmo (PT\/MG) foi aprovado simbolicamente pela subcomiss&atilde;o, com um acordo que destacou os pontos mais pol&ecirc;micos do trabalho. Assim, em 12 de dezembro, os deputados aprovaram um relat&oacute;rio parcial, onde constava apenas a base das an&aacute;lises feitas pela subcomiss&atilde;o, sem qualquer proposi&ccedil;&atilde;o sobre o tema.<\/p>\n<p>Na ocasi&atilde;o, a relatora Maria do Carmo e a presidente da subcomiss&atilde;o, deputada Luiza Erundina (PSB\/SP), explicaram que, por se tratar de um tema pol&ecirc;mico e de grande envolvimento dos deputados, a melhor op&ccedil;&atilde;o era aprovar apenas uma parte do relat&oacute;rio e deixar o debate para a Comiss&atilde;o de Ci&ecirc;ncia e Tecnologia. &Eacute; esta a estrat&eacute;gia que est&aacute; sendo seguida no momento com a apresenta&ccedil;&atilde;o, agora, do relat&oacute;rio aos deputados da comiss&atilde;o. <\/p>\n<p>&Eacute; importante n&atilde;o perder de vista que o tema tem muito apelo entre os parlamentares n&atilde;o s&oacute; por mexer no sistema de TV aberta, mas porque muitos pol&iacute;ticos t&ecirc;m s&atilde;o s&oacute;cios ou donos de empresas radiodifusoras. Dado este cen&aacute;rio, a subcomiss&atilde;o prop&otilde;e que parlamentares, detentores de cargos p&uacute;blicos e pessoas com direito a foro especial n&atilde;o possam mais assumir posi&ccedil;&otilde;es de controle acion&aacute;rio ou comando de radiodifusoras.<\/p>\n<p><strong>As pol&ecirc;micas<\/p>\n<p><\/strong>A parte ainda n&atilde;o debatida resultante do trabalho da subcomiss&atilde;o possui, pelo menos, tr&ecirc;s pontos pol&ecirc;micos. O primeiro &eacute; a cria&ccedil;&atilde;o de cotas de veicula&ccedil;&atilde;o de produ&ccedil;&atilde;o regional em todos os canais abertos. A relatora n&atilde;o informa qual seria o percentual m&iacute;nimo para cumprimento desta obriga&ccedil;&atilde;o. Mas a deputada inclui o sistema de cotas como um dos itens a ser avaliado no processo de pedido de novas outorga.<\/p>\n<p>A sugest&atilde;o &eacute; que o tempo de veicula&ccedil;&atilde;o de programas regionais eleve a pontua&ccedil;&atilde;o na an&aacute;lise de conte&uacute;do. Em contrapartida, seria reduzido o peso do valor ofertado pela concess&atilde;o. Em suma, quem oferecer maior conte&uacute;do regional sai em vantagem na disputa, mesmo que ofere&ccedil;a menos dinheiro pela outorga. A proposta foi formatada em forma de Projeto de Lei, que pode ou n&atilde;o ser apoiado pelos deputados, o que iniciaria sua tramita&ccedil;&atilde;o.<\/p>\n<p><strong>Cassa&ccedil;&atilde;o<\/p>\n<p><\/strong>Outros dois pontos delicados para os radiodifusores atingem os crit&eacute;rios para cassa&ccedil;&atilde;o das concess&otilde;es e o direito de explora&ccedil;&atilde;o de TVs educativas. No caso das educativas, a subcomiss&atilde;o prop&otilde;e que apenas a Uni&atilde;o, estados, munic&iacute;pios, o Distrito Federal e universidades possam deter o direito sobre essas outorgas. Se aprovada a proposta, apenas funda&ccedil;&otilde;es sem fins lucrativos poder&atilde;o pleitear essas concess&otilde;es caso n&atilde;o haja interesse de nenhum dos poderes p&uacute;blicos ou das academias e, ainda assim, com a exig&ecirc;ncia de comprova&ccedil;&atilde;o de v&iacute;nculo com alguma institui&ccedil;&atilde;o de ensino.<\/p>\n<p>Com rela&ccedil;&atilde;o &agrave; cassa&ccedil;&atilde;o das concess&otilde;es, a subcomiss&atilde;o quer dar plenos poderes &agrave; Uni&atilde;o para a retomada dos direitos de explora&ccedil;&atilde;o. A relatora prop&otilde;e que n&atilde;o seja mais exigida uma decis&atilde;o judicial para que a Uni&atilde;o cancele a concess&atilde;o, liberando o Executivo para reassumir a outorga em qualquer momento. Tamb&eacute;m consta na proposta o fim da necessidade de se validar no Congresso Nacional, com dois quintos de votos, as n&atilde;o renova&ccedil;&otilde;es de concess&otilde;es. <\/p>\n","protected":false},"excerpt":{"rendered":"<p>Os deputados da Comiss&atilde;o de Ci&ecirc;ncia, Tecnologia e Comunica&ccedil;&atilde;o da C&acirc;mara dos Deputados deveriam ter retomado nesta ter&ccedil;a-feira, 1, os debates sobre a proposta de alterar o sistema de concess&atilde;o de outorgas na radiodifus&atilde;o. Mas a reapresenta&ccedil;&atilde;o do relat&oacute;rio da Subcomiss&atilde;o Especial criada para tratar especificamente deste tema foi adiada por motivos de for&ccedil;a maior. &hellip; <a href=\"https:\/\/obscom.intervozes.org.br\/?p=20832\" class=\"more-link\">Continue lendo <span class=\"screen-reader-text\">Discuss\u00e3o sobre mudan\u00e7as em regras da radiodifus\u00e3o \u00e9 adiada<\/span> <span class=\"meta-nav\">&rarr;<\/span><\/a><\/p>\n","protected":false},"author":1,"featured_media":0,"comment_status":"open","ping_status":"open","sticky":false,"template":"","format":"standard","meta":{"footnotes":""},"categories":[40],"tags":[106],"_links":{"self":[{"href":"https:\/\/obscom.intervozes.org.br\/index.php?rest_route=\/wp\/v2\/posts\/20832"}],"collection":[{"href":"https:\/\/obscom.intervozes.org.br\/index.php?rest_route=\/wp\/v2\/posts"}],"about":[{"href":"https:\/\/obscom.intervozes.org.br\/index.php?rest_route=\/wp\/v2\/types\/post"}],"author":[{"embeddable":true,"href":"https:\/\/obscom.intervozes.org.br\/index.php?rest_route=\/wp\/v2\/users\/1"}],"replies":[{"embeddable":true,"href":"https:\/\/obscom.intervozes.org.br\/index.php?rest_route=%2Fwp%2Fv2%2Fcomments&post=20832"}],"version-history":[{"count":0,"href":"https:\/\/obscom.intervozes.org.br\/index.php?rest_route=\/wp\/v2\/posts\/20832\/revisions"}],"wp:attachment":[{"href":"https:\/\/obscom.intervozes.org.br\/index.php?rest_route=%2Fwp%2Fv2%2Fmedia&parent=20832"}],"wp:term":[{"taxonomy":"category","embeddable":true,"href":"https:\/\/obscom.intervozes.org.br\/index.php?rest_route=%2Fwp%2Fv2%2Fcategories&post=20832"},{"taxonomy":"post_tag","embeddable":true,"href":"https:\/\/obscom.intervozes.org.br\/index.php?rest_route=%2Fwp%2Fv2%2Ftags&post=20832"}],"curies":[{"name":"wp","href":"https:\/\/api.w.org\/{rel}","templated":true}]}}