{"id":20831,"date":"2008-04-02T12:40:54","date_gmt":"2008-04-02T12:40:54","guid":{"rendered":"https:\/\/obscom.intervozes.org.br\/wordpress\/?p=20831"},"modified":"2008-04-02T12:40:54","modified_gmt":"2008-04-02T12:40:54","slug":"organizacoes-vao-a-camara-reivindicar-aprovacao-das-cotas-para-producao-independente-na-tv-paga","status":"publish","type":"post","link":"https:\/\/obscom.intervozes.org.br\/?p=20831","title":{"rendered":"Organiza\u00e7\u00f5es v\u00e3o \u00e0 C\u00e2mara reivindicar aprova\u00e7\u00e3o das cotas para produ\u00e7\u00e3o independente na TV paga"},"content":{"rendered":"<p>O CBC (Congresso Brasileiro de Cinema), a ABPITV (Associa&ccedil;&atilde;o Brasileira dos Produtores Independentes de TV) e outras organiza&ccedil;&otilde;es que atuam no campo da comunica&ccedil;&atilde;o reuniram-se com deputados da Comiss&atilde;o de Ci&ecirc;ncia e Tecnologia, Comunica&ccedil;&atilde;o e Inform&aacute;tica na manh&atilde; desta quarta (2), em Bras&iacute;lia. O grupo&nbsp;foi reivindicar que os deputados atuem para garantir, na vers&atilde;o final do PL 29\/2007, o sistema de cotas de produ&ccedil;&atilde;o independente nacional nos canais de TV paga. <\/p>\n<p>Na ocasi&ccedil;&atilde;o, foi entregue aos deputados um manifesto sobre o assunto assinado por diversas entidades, entre elas a Associa&ccedil;&atilde;o Brasileira de Produtores Independentes de Televis&atilde;o, Congresso Brasileiro de Cinema, Intervozes,&nbsp;F&oacute;rum Nacional para Democratiza&ccedil;&atilde;o da Comunica&ccedil;&atilde;o, Associa&ccedil;&atilde;o dos Produtores de Longa Metragens, Conselho Federal de Psicologia,&nbsp;Associa&ccedil;&atilde;o Mundial de R&aacute;dios Comunit&aacute;rias, Associa&ccedil;&atilde;o Nacional das Entidades de Artistas e T&eacute;cnicos em Espet&aacute;culos de Divers&atilde;o e&nbsp;Canal Cine Brasil TV.<\/p>\n<p><a href=\"http:\/\/www.abpitv.com.br\/mostra_noticias.php?codigo=252&amp;btvoltar=index.php\">Para ler a &iacute;ntegra do manifesto, clique aqui.<\/a><\/p>\n","protected":false},"excerpt":{"rendered":"<p>O CBC (Congresso Brasileiro de Cinema), a ABPITV (Associa&ccedil;&atilde;o Brasileira dos Produtores Independentes de TV) e outras organiza&ccedil;&otilde;es que atuam no campo da comunica&ccedil;&atilde;o reuniram-se com deputados da Comiss&atilde;o de Ci&ecirc;ncia e Tecnologia, Comunica&ccedil;&atilde;o e Inform&aacute;tica na manh&atilde; desta quarta (2), em Bras&iacute;lia. O grupo&nbsp;foi reivindicar que os deputados atuem para garantir, na vers&atilde;o final &hellip; <a href=\"https:\/\/obscom.intervozes.org.br\/?p=20831\" class=\"more-link\">Continue lendo <span class=\"screen-reader-text\">Organiza\u00e7\u00f5es v\u00e3o \u00e0 C\u00e2mara reivindicar aprova\u00e7\u00e3o das cotas para produ\u00e7\u00e3o independente na TV paga<\/span> <span class=\"meta-nav\">&rarr;<\/span><\/a><\/p>\n","protected":false},"author":1,"featured_media":0,"comment_status":"open","ping_status":"open","sticky":false,"template":"","format":"standard","meta":{"footnotes":""},"categories":[39],"tags":[],"_links":{"self":[{"href":"https:\/\/obscom.intervozes.org.br\/index.php?rest_route=\/wp\/v2\/posts\/20831"}],"collection":[{"href":"https:\/\/obscom.intervozes.org.br\/index.php?rest_route=\/wp\/v2\/posts"}],"about":[{"href":"https:\/\/obscom.intervozes.org.br\/index.php?rest_route=\/wp\/v2\/types\/post"}],"author":[{"embeddable":true,"href":"https:\/\/obscom.intervozes.org.br\/index.php?rest_route=\/wp\/v2\/users\/1"}],"replies":[{"embeddable":true,"href":"https:\/\/obscom.intervozes.org.br\/index.php?rest_route=%2Fwp%2Fv2%2Fcomments&post=20831"}],"version-history":[{"count":0,"href":"https:\/\/obscom.intervozes.org.br\/index.php?rest_route=\/wp\/v2\/posts\/20831\/revisions"}],"wp:attachment":[{"href":"https:\/\/obscom.intervozes.org.br\/index.php?rest_route=%2Fwp%2Fv2%2Fmedia&parent=20831"}],"wp:term":[{"taxonomy":"category","embeddable":true,"href":"https:\/\/obscom.intervozes.org.br\/index.php?rest_route=%2Fwp%2Fv2%2Fcategories&post=20831"},{"taxonomy":"post_tag","embeddable":true,"href":"https:\/\/obscom.intervozes.org.br\/index.php?rest_route=%2Fwp%2Fv2%2Ftags&post=20831"}],"curies":[{"name":"wp","href":"https:\/\/api.w.org\/{rel}","templated":true}]}}