{"id":20829,"date":"2008-04-01T18:06:05","date_gmt":"2008-04-01T18:06:05","guid":{"rendered":"https:\/\/obscom.intervozes.org.br\/wordpress\/?p=20829"},"modified":"2008-04-01T18:06:05","modified_gmt":"2008-04-01T18:06:05","slug":"ministerio-publico-pede-condenacao-da-globo-por-cenas-de-novela","status":"publish","type":"post","link":"https:\/\/obscom.intervozes.org.br\/?p=20829","title":{"rendered":"Minist\u00e9rio P\u00fablico pede condena\u00e7\u00e3o da Globo por cenas de novela"},"content":{"rendered":"<p><span>O Minist&eacute;rio P&uacute;blico Federal em Minas Gerais ajuizou a&ccedil;&atilde;o civil p&uacute;blica contra a Rede Globo de Televis&atilde;o pedindo a condena&ccedil;&atilde;o da emissora carioca por danos morais coletivos em raz&atilde;o da veicula&ccedil;&atilde;o de conte&uacute;do irregular na novela &quot;Duas Caras&quot;.<\/p>\n<p><\/span><span>Segundo o procurador da Rep&uacute;blica Fernando de Almeida Martins, autor da a&ccedil;&atilde;o, a novela teria veiculado conte&uacute;do alusivo a consumo de drogas l&iacute;citas, atos criminosos, homic&iacute;dio e, especialmente, insinua&ccedil;&atilde;o sexual, erotismo, sensualismo e promiscuidade, todos eles inadequados para o hor&aacute;rio, conforme as regras de classifica&ccedil;&atilde;o indicativa estabelecidas pelas Portarias n&ordm; 1.220\/07 e 264\/07 do Minist&eacute;rio da Justi&ccedil;a.<\/p>\n<p><\/span><span>O pr&oacute;prio Minist&eacute;rio da Justi&ccedil;a, em julho do ano passado, reclassificara a novela, elevando a faixa et&aacute;ria indicativa de 12 para 14 anos e tornando irregular sua emiss&atilde;o em hor&aacute;rio anterior &agrave;s 20h. No entanto, a atividade de monitoramento identificou a reincid&ecirc;ncia de cenas inadequadas, em especial aquelas em que a personagem Alzira realizava a chamada &quot;dan&ccedil;a do poste&quot;, o que motivou a abertura de procedimento administrativo na Procuradoria da Rep&uacute;blica em Minas Gerais.<\/p>\n<p><\/span><span>Na ac&atilde;o, o MPF alerta que &quot;a inadequa&ccedil;&atilde;o da programa&ccedil;&atilde;o &agrave;s regras de classifica&ccedil;&atilde;o indicativa e, por conseguinte, ao respectivo hor&aacute;rio da emiss&atilde;o, &eacute; agravada nos estados brasileiros em que a programa&ccedil;&atilde;o &eacute; antecipada em raz&atilde;o dos fusos hor&aacute;rios. Assim, a programa&ccedil;&atilde;o da novela Duas Caras, que, no Sudeste, foi recomendada para emiss&atilde;o n&atilde;o anterior &agrave;s 20h, em Estados como o Acre foi televisionada &agrave;s 18h, sem quaisquer preocupa&ccedil;&otilde;es da r&eacute; com as regras de classifica&ccedil;&atilde;o indicativa&quot;. <\/p>\n<p><\/span><span>Tal situa&ccedil;&atilde;o se agrava ainda mais, segundo o Minist&eacute;rio P&uacute;blico Federal, quando as mesmas cenas s&atilde;o repetidas em programas veiculados em hor&aacute;rios livres, como aconteceu durante algumas edi&ccedil;&otilde;es do programa &quot;Mais Voc&ecirc;&quot;, exibido pela manh&atilde;.<\/p>\n<p><\/span><span>Em resposta aos questionamentos feitos pelo MPF, a Rede Globo sustentou que as cenas da &quot;dan&ccedil;a no poste&quot; foram retiradas da novela. Mas, segundo o procurador, &quot;a simples retirada das cenas irregulares n&atilde;o implica a repara&ccedil;&atilde;o e\/ou compensa&ccedil;&atilde;o dos danos causados aos telespectadores brasileiros, em especial ao p&uacute;blico de crian&ccedil;as e adolescentes, nem ao menos desestimula o desrespeito reiterado da r&eacute; &agrave; fun&ccedil;&atilde;o social constitucional da atividade econ&ocirc;mica concedida&quot;. <\/p>\n<p><\/span><span>Na a&ccedil;&atilde;o, ajuizada no dia 24 de mar&ccedil;o, perante a 7&ordf; Vara da Justi&ccedil;a Federal em Belo Horizonte (ACP n&ordm; 2008.38.00.008354-0), o MPF pede a condena&ccedil;&atilde;o da TV Globo por dano moral coletivo no valor de 1% do faturamento bruto da emissora durante o ano de 2007, a ser revertido ao Fundo de Defesa dos Direitos Difusos. Pede-se ainda que a r&eacute; adeq&uuml;e sua programa&ccedil;&atilde;o, em todos os estados brasileiros, &agrave;s normas de classifica&ccedil;&atilde;o indicativas, independentemente das varia&ccedil;&otilde;es de fuso hor&aacute;rio.<\/span><\/p>\n","protected":false},"excerpt":{"rendered":"<p>O Minist&eacute;rio P&uacute;blico Federal em Minas Gerais ajuizou a&ccedil;&atilde;o civil p&uacute;blica contra a Rede Globo de Televis&atilde;o pedindo a condena&ccedil;&atilde;o da emissora carioca por danos morais coletivos em raz&atilde;o da veicula&ccedil;&atilde;o de conte&uacute;do irregular na novela &quot;Duas Caras&quot;. Segundo o procurador da Rep&uacute;blica Fernando de Almeida Martins, autor da a&ccedil;&atilde;o, a novela teria veiculado conte&uacute;do &hellip; <a href=\"https:\/\/obscom.intervozes.org.br\/?p=20829\" class=\"more-link\">Continue lendo <span class=\"screen-reader-text\">Minist\u00e9rio P\u00fablico pede condena\u00e7\u00e3o da Globo por cenas de novela<\/span> <span class=\"meta-nav\">&rarr;<\/span><\/a><\/p>\n","protected":false},"author":1,"featured_media":0,"comment_status":"open","ping_status":"open","sticky":false,"template":"","format":"standard","meta":{"footnotes":""},"categories":[40],"tags":[393],"_links":{"self":[{"href":"https:\/\/obscom.intervozes.org.br\/index.php?rest_route=\/wp\/v2\/posts\/20829"}],"collection":[{"href":"https:\/\/obscom.intervozes.org.br\/index.php?rest_route=\/wp\/v2\/posts"}],"about":[{"href":"https:\/\/obscom.intervozes.org.br\/index.php?rest_route=\/wp\/v2\/types\/post"}],"author":[{"embeddable":true,"href":"https:\/\/obscom.intervozes.org.br\/index.php?rest_route=\/wp\/v2\/users\/1"}],"replies":[{"embeddable":true,"href":"https:\/\/obscom.intervozes.org.br\/index.php?rest_route=%2Fwp%2Fv2%2Fcomments&post=20829"}],"version-history":[{"count":0,"href":"https:\/\/obscom.intervozes.org.br\/index.php?rest_route=\/wp\/v2\/posts\/20829\/revisions"}],"wp:attachment":[{"href":"https:\/\/obscom.intervozes.org.br\/index.php?rest_route=%2Fwp%2Fv2%2Fmedia&parent=20829"}],"wp:term":[{"taxonomy":"category","embeddable":true,"href":"https:\/\/obscom.intervozes.org.br\/index.php?rest_route=%2Fwp%2Fv2%2Fcategories&post=20829"},{"taxonomy":"post_tag","embeddable":true,"href":"https:\/\/obscom.intervozes.org.br\/index.php?rest_route=%2Fwp%2Fv2%2Ftags&post=20829"}],"curies":[{"name":"wp","href":"https:\/\/api.w.org\/{rel}","templated":true}]}}