{"id":20828,"date":"2008-04-01T17:29:15","date_gmt":"2008-04-01T17:29:15","guid":{"rendered":"https:\/\/obscom.intervozes.org.br\/wordpress\/?p=20828"},"modified":"2014-09-07T02:55:16","modified_gmt":"2014-09-07T02:55:16","slug":"conselho-de-comunicacao-social-nao-existe-buraco-negro-esta-tudo-muito-claro","status":"publish","type":"post","link":"https:\/\/obscom.intervozes.org.br\/?p=20828","title":{"rendered":"Conselho de Comunica\u00e7\u00e3o Social: n\u00e3o existe \u201cburaco negro\u201d, est\u00e1 tudo muito claro"},"content":{"rendered":"<p><span>Depois da &uacute;ltima edi&ccedil;&atilde;o televisiva do Observat&oacute;rio da Imprensa (25\/3) [ver &quot;A <a href=\"http:\/\/localhost\/intervozes_direitoacomunicacao\/wordpress\/?p=20712\">quem interessa o Conselho de Comunica&ccedil;&atilde;o Social<\/a>&quot;], o imortal Arnaldo Niskier tornou-se candidato a concorrer ao t&iacute;tulo de cara-de-pau do ano.&nbsp;<\/p>\n<p><\/span><span>Niskier foi indicado pelo senador Jos&eacute; Sarney para presidir o Conselho de Comunica&ccedil;&atilde;o Social no mandato 2005-2006. O senador Jos&eacute; Sarney &eacute; propriet&aacute;rio de um grupo de comunica&ccedil;&atilde;o no Maranh&atilde;o e obedece, estrita e devotadamente, aos interesses do empresariado da m&iacute;dia eletr&ocirc;nica. <\/p>\n<p><\/span><span>A incr&iacute;vel desculpa apresentada por Niskier para o esvaziamento do CCS (que n&atilde;o se re&uacute;ne h&aacute; mais de 16 meses e at&eacute; agora n&atilde;o foi reconstitu&iacute;do) &eacute; que se tratou de manobra dos grandes grupos de m&iacute;dia eletr&ocirc;nica para evitar uma discuss&atilde;o p&uacute;blica sobre a quest&atilde;o da converg&ecirc;ncia tecnol&oacute;gica. &quot;&Eacute; um buraco negro&quot; explicou o acad&ecirc;mico didaticamente.<\/p>\n<p><\/span><span>Niskier era o representante dos grandes grupos de m&iacute;dia eletr&ocirc;nica e aceitou a incumb&ecirc;ncia de presidir o Conselho para esvazi&aacute;-lo no mandato seguinte &ndash; essa &eacute; a verdade. N&atilde;o existe buraco negro, est&aacute; tudo muito claro.<\/p>\n<p><\/span><span><strong>Acerto pr&eacute;vio<\/p>\n<p><\/strong><\/span><span>O ex-presidente do CCS, o jurista Jos&eacute; Paulo Cavalcanti Filho, participou ao vivo do programa e n&atilde;o deixou nenhuma d&uacute;vida quando afirmou que &quot;faltou um pouco de fibra ao Conselho&quot;. Quando se encerra o mandato dos conselheiros, ele &eacute; prorrogado automaticamente at&eacute; a posse os pr&oacute;ximos. O mandato de 2002 terminou em junho de 2004, e a posse dos novos titulares s&oacute; ocorreu em fevereiro do ano seguinte. &quot;Do ponto de vista t&eacute;cnico, o conselho n&atilde;o est&aacute; funcionando porque n&atilde;o quer. Porque, tecnicamente, enquanto n&atilde;o houver a indica&ccedil;&atilde;o dos novos membros, continua sem nenhum problema, como &eacute; a regra no Brasil para os conselhos&quot;, completou Cavalcanti. <\/p>\n<p><\/span><span>Arnaldo Niskier dissolveu o CCS antes de empossar os novos conselheiros seguindo um script previamente acertado. O ex-presidente do Senado, Renan Calheiros, n&atilde;o indicou os substitutos porque obedecia inicialmente ao mesmo script e depois, quando estourou o esc&acirc;ndalo que o obrigou a renunciar, sentiu-se de desobrigado de fazer as indica&ccedil;&otilde;es.<\/p>\n<p><\/span><span><strong>Inatividade encomendada<\/p>\n<p><\/strong><\/span><span>O atual presidente da C&acirc;mara Alta, senador Garibaldi Alves, prometeu um depoimento gravado para ser apresentado no programa &ndash; mas fugiu da raia e nem deu satisfa&ccedil;&otilde;es. <\/p>\n<p><\/span><span>Com os inevit&aacute;veis desdobramentos da crise dos cart&otilde;es corporativos e, em seguida, o in&iacute;cio da campanha eleitoral, o Conselho de Comunica&ccedil;&atilde;o Social corre o risco de ficar mais um ano no estaleiro. O tal buraco negro que Niskier mencionou no seu depoimento foi feito sob medida e ele o executou com maestria.<font size=\"3\"><\/font><\/span><\/p>\n","protected":false},"excerpt":{"rendered":"<p>Depois da &uacute;ltima edi&ccedil;&atilde;o televisiva do Observat&oacute;rio da Imprensa (25\/3) [ver &quot;A quem interessa o Conselho de Comunica&ccedil;&atilde;o Social&quot;], o imortal Arnaldo Niskier tornou-se candidato a concorrer ao t&iacute;tulo de cara-de-pau do ano.&nbsp; Niskier foi indicado pelo senador Jos&eacute; Sarney para presidir o Conselho de Comunica&ccedil;&atilde;o Social no mandato 2005-2006. O senador Jos&eacute; Sarney &eacute; &hellip; <a href=\"https:\/\/obscom.intervozes.org.br\/?p=20828\" class=\"more-link\">Continue lendo <span class=\"screen-reader-text\">Conselho de Comunica\u00e7\u00e3o Social: n\u00e3o existe \u201cburaco negro\u201d, est\u00e1 tudo muito claro<\/span> <span class=\"meta-nav\">&rarr;<\/span><\/a><\/p>\n","protected":false},"author":1,"featured_media":0,"comment_status":"open","ping_status":"open","sticky":false,"template":"","format":"standard","meta":{"footnotes":""},"categories":[42],"tags":[701,470],"_links":{"self":[{"href":"https:\/\/obscom.intervozes.org.br\/index.php?rest_route=\/wp\/v2\/posts\/20828"}],"collection":[{"href":"https:\/\/obscom.intervozes.org.br\/index.php?rest_route=\/wp\/v2\/posts"}],"about":[{"href":"https:\/\/obscom.intervozes.org.br\/index.php?rest_route=\/wp\/v2\/types\/post"}],"author":[{"embeddable":true,"href":"https:\/\/obscom.intervozes.org.br\/index.php?rest_route=\/wp\/v2\/users\/1"}],"replies":[{"embeddable":true,"href":"https:\/\/obscom.intervozes.org.br\/index.php?rest_route=%2Fwp%2Fv2%2Fcomments&post=20828"}],"version-history":[{"count":1,"href":"https:\/\/obscom.intervozes.org.br\/index.php?rest_route=\/wp\/v2\/posts\/20828\/revisions"}],"predecessor-version":[{"id":27827,"href":"https:\/\/obscom.intervozes.org.br\/index.php?rest_route=\/wp\/v2\/posts\/20828\/revisions\/27827"}],"wp:attachment":[{"href":"https:\/\/obscom.intervozes.org.br\/index.php?rest_route=%2Fwp%2Fv2%2Fmedia&parent=20828"}],"wp:term":[{"taxonomy":"category","embeddable":true,"href":"https:\/\/obscom.intervozes.org.br\/index.php?rest_route=%2Fwp%2Fv2%2Fcategories&post=20828"},{"taxonomy":"post_tag","embeddable":true,"href":"https:\/\/obscom.intervozes.org.br\/index.php?rest_route=%2Fwp%2Fv2%2Ftags&post=20828"}],"curies":[{"name":"wp","href":"https:\/\/api.w.org\/{rel}","templated":true}]}}