{"id":20826,"date":"2008-04-01T14:11:11","date_gmt":"2008-04-01T14:11:11","guid":{"rendered":"https:\/\/obscom.intervozes.org.br\/wordpress\/?p=20826"},"modified":"2008-04-01T14:11:11","modified_gmt":"2008-04-01T14:11:11","slug":"comite-de-defesa-dos-usuarios-ganha-reforco-do-minicom-e-da-justica","status":"publish","type":"post","link":"https:\/\/obscom.intervozes.org.br\/?p=20826","title":{"rendered":"Comit\u00ea de Defesa dos Usu\u00e1rios ganha refor\u00e7o do Minicom e da Justi\u00e7a"},"content":{"rendered":"<p>O Comit&ecirc; de Defesa dos Usu&aacute;rios de Servi&ccedil;os Telecomunica&ccedil;&otilde;es, &oacute;rg&atilde;o de assessoramento do conselho diretor da Ag&ecirc;ncia Nacional de Telecomunica&ccedil;&otilde;es ganhou um novo regimento, com novas atribui&ccedil;&otilde;es e participa&ccedil;&atilde;o mais intensiva de membros do Poder Executivo e do pr&oacute;prio &oacute;rg&atilde;o regulador na sua composi&ccedil;&atilde;o. O regimento foi publicado no Di&aacute;rio Oficial da Uni&atilde;o (DOU) da &uacute;ltima sexta-feira, 28. <\/p>\n<p>A Secretaria Especial de Direitos Humanos (vinculada ao Minist&eacute;rio da Justi&ccedil;a) e o Minist&eacute;rio das Comunica&ccedil;&otilde;es ganharam a participa&ccedil;&atilde;o de um membro no comit&ecirc;. Foram mantidos os representantes do Departamento de Prote&ccedil;&atilde;o e Defesa do Consumidor (DPDC) do Minist&eacute;rio da Justi&ccedil;a e das entidades de classes dos servi&ccedil;os de telecomunica&ccedil;&otilde;es (telefonia fixa, m&oacute;vel, servi&ccedil;os de comunica&ccedil;&atilde;o de massa, TV por assinatura e outros servi&ccedil;os).<\/p>\n<p>Os nove representantes das institui&ccedil;&otilde;es p&uacute;blicas e privadas s&atilde;o escolhidos por meio de edital, publicado pela ag&ecirc;ncia. O edital permite &agrave;s entidades de usu&aacute;rios e de prestadoras indicar uma rela&ccedil;&atilde;o de nomes, a partir da qual &eacute; feita uma lista tr&iacute;plice para escolha. Com o novo regimento, que esteve sob consulta p&uacute;blica em outubro de 2007, o comit&ecirc; passa a assessorar e fornecer subs&iacute;dios ao conselho diretor em mat&eacute;rias que tratam do controle, preven&ccedil;&atilde;o e repress&atilde;o das infra&ccedil;&otilde;es dos direitos dos usu&aacute;rios. Caber&aacute; ao comit&ecirc; propor diretrizes para implementar pol&iacute;ticas de promo&ccedil;&atilde;o de informa&ccedil;&atilde;o e educa&ccedil;&atilde;o dos usu&aacute;rios.<\/p>\n<p>A representatividade da pr&oacute;pria Anatel no colegiado tamb&eacute;m foi refor&ccedil;ada com as inclus&otilde;es do ouvidor, do chefe da assessoria parlamentar e de comunica&ccedil;&atilde;o, do auditor interno e dos superintendentes de servi&ccedil;os (p&uacute;blicos, privados e de comunica&ccedil;&atilde;o de massa) e assessores, quando convocados, em fun&ccedil;&atilde;o da pauta. J&aacute; integravam o comit&ecirc;: um conselheiro-diretor da ag&ecirc;ncia (como seu presidente), o chefe da assessoria de rela&ccedil;&atilde;o com usu&aacute;rios (ARU), o procurador-geral e o superintendente-executivo.<\/p>\n","protected":false},"excerpt":{"rendered":"<p>O Comit&ecirc; de Defesa dos Usu&aacute;rios de Servi&ccedil;os Telecomunica&ccedil;&otilde;es, &oacute;rg&atilde;o de assessoramento do conselho diretor da Ag&ecirc;ncia Nacional de Telecomunica&ccedil;&otilde;es ganhou um novo regimento, com novas atribui&ccedil;&otilde;es e participa&ccedil;&atilde;o mais intensiva de membros do Poder Executivo e do pr&oacute;prio &oacute;rg&atilde;o regulador na sua composi&ccedil;&atilde;o. O regimento foi publicado no Di&aacute;rio Oficial da Uni&atilde;o (DOU) da &hellip; <a href=\"https:\/\/obscom.intervozes.org.br\/?p=20826\" class=\"more-link\">Continue lendo <span class=\"screen-reader-text\">Comit\u00ea de Defesa dos Usu\u00e1rios ganha refor\u00e7o do Minicom e da Justi\u00e7a<\/span> <span class=\"meta-nav\">&rarr;<\/span><\/a><\/p>\n","protected":false},"author":1,"featured_media":0,"comment_status":"open","ping_status":"open","sticky":false,"template":"","format":"standard","meta":{"footnotes":""},"categories":[40],"tags":[152],"_links":{"self":[{"href":"https:\/\/obscom.intervozes.org.br\/index.php?rest_route=\/wp\/v2\/posts\/20826"}],"collection":[{"href":"https:\/\/obscom.intervozes.org.br\/index.php?rest_route=\/wp\/v2\/posts"}],"about":[{"href":"https:\/\/obscom.intervozes.org.br\/index.php?rest_route=\/wp\/v2\/types\/post"}],"author":[{"embeddable":true,"href":"https:\/\/obscom.intervozes.org.br\/index.php?rest_route=\/wp\/v2\/users\/1"}],"replies":[{"embeddable":true,"href":"https:\/\/obscom.intervozes.org.br\/index.php?rest_route=%2Fwp%2Fv2%2Fcomments&post=20826"}],"version-history":[{"count":0,"href":"https:\/\/obscom.intervozes.org.br\/index.php?rest_route=\/wp\/v2\/posts\/20826\/revisions"}],"wp:attachment":[{"href":"https:\/\/obscom.intervozes.org.br\/index.php?rest_route=%2Fwp%2Fv2%2Fmedia&parent=20826"}],"wp:term":[{"taxonomy":"category","embeddable":true,"href":"https:\/\/obscom.intervozes.org.br\/index.php?rest_route=%2Fwp%2Fv2%2Fcategories&post=20826"},{"taxonomy":"post_tag","embeddable":true,"href":"https:\/\/obscom.intervozes.org.br\/index.php?rest_route=%2Fwp%2Fv2%2Ftags&post=20826"}],"curies":[{"name":"wp","href":"https:\/\/api.w.org\/{rel}","templated":true}]}}