{"id":20825,"date":"2008-04-01T14:03:13","date_gmt":"2008-04-01T14:03:13","guid":{"rendered":"https:\/\/obscom.intervozes.org.br\/wordpress\/?p=20825"},"modified":"2008-04-01T14:03:13","modified_gmt":"2008-04-01T14:03:13","slug":"comissao-de-ciencia-e-tecnologia-discute-relatorio-sobre-outorgas-de-radio-e-tv","status":"publish","type":"post","link":"https:\/\/obscom.intervozes.org.br\/?p=20825","title":{"rendered":"Comiss\u00e3o de Ci\u00eancia e Tecnologia discute relat\u00f3rio sobre outorgas de r\u00e1dio e TV"},"content":{"rendered":"<p>A Comiss&atilde;o de Ci&ecirc;ncia e Tecnologia, Comunica&ccedil;&atilde;o e Inform&aacute;tica se re&uacute;ne nesta ter&ccedil;a-feira (1&ordm;) para discutir o relat&oacute;rio que prop&otilde;e uma s&eacute;rie de sugest&otilde;es para alterar a legisla&ccedil;&atilde;o do setor de comunica&ccedil;&atilde;o. O objetivo do relat&oacute;rio, apresentado pela deputada Maria do Carmo Lara (PT-MG) &eacute; tornar mais transparente o processo de outorga para a abertura de novos canais de r&aacute;dio e TV.<\/p>\n<p>O texto da relatora, divulgado em dezembro passado, sugere a vota&ccedil;&atilde;o de propostas que j&aacute; tramitam na C&acirc;mara sobre a regulamenta&ccedil;&atilde;o do servi&ccedil;o de r&aacute;dio e televis&atilde;o comunit&aacute;ria e de projetos que tratam do conte&uacute;do da programa&ccedil;&atilde;o das emissoras de televis&atilde;o, de forma a privilegiar a produ&ccedil;&atilde;o regional e educativa.<\/p>\n<p>A relatora apresentou sugest&otilde;es que v&atilde;o desde mudan&ccedil;as nos procedimentos de elabora&ccedil;&atilde;o dos pareceres dos processos de concess&atilde;o, no &acirc;mbito das comiss&otilde;es da C&acirc;mara, at&eacute; propostas de emenda &agrave; Constitui&ccedil;&atilde;o (PECs) que modificam o sistema de outorga para os servi&ccedil;os de r&aacute;dio e televis&atilde;o.<\/p>\n<p>A subcomiss&atilde;o se re&uacute;ne &agrave;s 15 horas, no plen&aacute;rio 13.<\/p>\n<p>As informa&ccedil;&otilde;es s&atilde;o da Ag&ecirc;ncia C&acirc;mara.<\/p>\n","protected":false},"excerpt":{"rendered":"<p>A Comiss&atilde;o de Ci&ecirc;ncia e Tecnologia, Comunica&ccedil;&atilde;o e Inform&aacute;tica se re&uacute;ne nesta ter&ccedil;a-feira (1&ordm;) para discutir o relat&oacute;rio que prop&otilde;e uma s&eacute;rie de sugest&otilde;es para alterar a legisla&ccedil;&atilde;o do setor de comunica&ccedil;&atilde;o. O objetivo do relat&oacute;rio, apresentado pela deputada Maria do Carmo Lara (PT-MG) &eacute; tornar mais transparente o processo de outorga para a abertura &hellip; <a href=\"https:\/\/obscom.intervozes.org.br\/?p=20825\" class=\"more-link\">Continue lendo <span class=\"screen-reader-text\">Comiss\u00e3o de Ci\u00eancia e Tecnologia discute relat\u00f3rio sobre outorgas de r\u00e1dio e TV<\/span> <span class=\"meta-nav\">&rarr;<\/span><\/a><\/p>\n","protected":false},"author":1,"featured_media":0,"comment_status":"open","ping_status":"open","sticky":false,"template":"","format":"standard","meta":{"footnotes":""},"categories":[39],"tags":[],"_links":{"self":[{"href":"https:\/\/obscom.intervozes.org.br\/index.php?rest_route=\/wp\/v2\/posts\/20825"}],"collection":[{"href":"https:\/\/obscom.intervozes.org.br\/index.php?rest_route=\/wp\/v2\/posts"}],"about":[{"href":"https:\/\/obscom.intervozes.org.br\/index.php?rest_route=\/wp\/v2\/types\/post"}],"author":[{"embeddable":true,"href":"https:\/\/obscom.intervozes.org.br\/index.php?rest_route=\/wp\/v2\/users\/1"}],"replies":[{"embeddable":true,"href":"https:\/\/obscom.intervozes.org.br\/index.php?rest_route=%2Fwp%2Fv2%2Fcomments&post=20825"}],"version-history":[{"count":0,"href":"https:\/\/obscom.intervozes.org.br\/index.php?rest_route=\/wp\/v2\/posts\/20825\/revisions"}],"wp:attachment":[{"href":"https:\/\/obscom.intervozes.org.br\/index.php?rest_route=%2Fwp%2Fv2%2Fmedia&parent=20825"}],"wp:term":[{"taxonomy":"category","embeddable":true,"href":"https:\/\/obscom.intervozes.org.br\/index.php?rest_route=%2Fwp%2Fv2%2Fcategories&post=20825"},{"taxonomy":"post_tag","embeddable":true,"href":"https:\/\/obscom.intervozes.org.br\/index.php?rest_route=%2Fwp%2Fv2%2Ftags&post=20825"}],"curies":[{"name":"wp","href":"https:\/\/api.w.org\/{rel}","templated":true}]}}