{"id":20823,"date":"2008-04-01T12:47:45","date_gmt":"2008-04-01T12:47:45","guid":{"rendered":"https:\/\/obscom.intervozes.org.br\/wordpress\/?p=20823"},"modified":"2008-04-01T12:47:45","modified_gmt":"2008-04-01T12:47:45","slug":"minicom-publica-aviso-de-habilitacao-para-radios-comunitarias-em-24-localidades","status":"publish","type":"post","link":"https:\/\/obscom.intervozes.org.br\/?p=20823","title":{"rendered":"Minicom publica aviso de habilita\u00e7\u00e3o para r\u00e1dios comunit\u00e1rias em 24 localidades"},"content":{"rendered":"<p><span class=\"FonteSite\"><\/p>\n<p align=\"justify\">O Minist&eacute;rio das Comunica&ccedil;&otilde;es publicou, no Di&aacute;rio Oficial da Uni&atilde;o da &uacute;ltima sexta-feira (28\/03), aviso de habilita&ccedil;&atilde;o para r&aacute;dios comunit&aacute;rias em 24 novas localidades, abrangendo 12 estados diferentes. As entidades interessadas em executar o servi&ccedil;o nessas localidades t&ecirc;m 45 dias para solicitar sua inscri&ccedil;&atilde;o junto ao MC e encaminhar a documenta&ccedil;&atilde;o necess&aacute;ria.<\/p>\n<p align=\"justify\">A rela&ccedil;&atilde;o das localidades e as instru&ccedil;&otilde;es b&aacute;sicas para a participa&ccedil;&atilde;o no processo seletivo constam do <a href=\"http:\/\/www.mc.gov.br\/sites\/700\/719\/00002092.pdf\">Aviso n&ordm; 02\/2008 [dispon&iacute;vel clicando aqui<\/a>].<\/p>\n<p><\/span><\/p>\n","protected":false},"excerpt":{"rendered":"<p>O Minist&eacute;rio das Comunica&ccedil;&otilde;es publicou, no Di&aacute;rio Oficial da Uni&atilde;o da &uacute;ltima sexta-feira (28\/03), aviso de habilita&ccedil;&atilde;o para r&aacute;dios comunit&aacute;rias em 24 novas localidades, abrangendo 12 estados diferentes. As entidades interessadas em executar o servi&ccedil;o nessas localidades t&ecirc;m 45 dias para solicitar sua inscri&ccedil;&atilde;o junto ao MC e encaminhar a documenta&ccedil;&atilde;o necess&aacute;ria. A rela&ccedil;&atilde;o das &hellip; <a href=\"https:\/\/obscom.intervozes.org.br\/?p=20823\" class=\"more-link\">Continue lendo <span class=\"screen-reader-text\">Minicom publica aviso de habilita\u00e7\u00e3o para r\u00e1dios comunit\u00e1rias em 24 localidades<\/span> <span class=\"meta-nav\">&rarr;<\/span><\/a><\/p>\n","protected":false},"author":1,"featured_media":0,"comment_status":"open","ping_status":"open","sticky":false,"template":"","format":"standard","meta":{"footnotes":""},"categories":[39],"tags":[194],"_links":{"self":[{"href":"https:\/\/obscom.intervozes.org.br\/index.php?rest_route=\/wp\/v2\/posts\/20823"}],"collection":[{"href":"https:\/\/obscom.intervozes.org.br\/index.php?rest_route=\/wp\/v2\/posts"}],"about":[{"href":"https:\/\/obscom.intervozes.org.br\/index.php?rest_route=\/wp\/v2\/types\/post"}],"author":[{"embeddable":true,"href":"https:\/\/obscom.intervozes.org.br\/index.php?rest_route=\/wp\/v2\/users\/1"}],"replies":[{"embeddable":true,"href":"https:\/\/obscom.intervozes.org.br\/index.php?rest_route=%2Fwp%2Fv2%2Fcomments&post=20823"}],"version-history":[{"count":0,"href":"https:\/\/obscom.intervozes.org.br\/index.php?rest_route=\/wp\/v2\/posts\/20823\/revisions"}],"wp:attachment":[{"href":"https:\/\/obscom.intervozes.org.br\/index.php?rest_route=%2Fwp%2Fv2%2Fmedia&parent=20823"}],"wp:term":[{"taxonomy":"category","embeddable":true,"href":"https:\/\/obscom.intervozes.org.br\/index.php?rest_route=%2Fwp%2Fv2%2Fcategories&post=20823"},{"taxonomy":"post_tag","embeddable":true,"href":"https:\/\/obscom.intervozes.org.br\/index.php?rest_route=%2Fwp%2Fv2%2Ftags&post=20823"}],"curies":[{"name":"wp","href":"https:\/\/api.w.org\/{rel}","templated":true}]}}