{"id":20821,"date":"2008-04-01T12:35:31","date_gmt":"2008-04-01T12:35:31","guid":{"rendered":"https:\/\/obscom.intervozes.org.br\/wordpress\/?p=20821"},"modified":"2008-04-01T12:35:31","modified_gmt":"2008-04-01T12:35:31","slug":"declaracao-de-caracas-compara-o-terrorismo-midiatico-com-o-militar-e-o-economico","status":"publish","type":"post","link":"https:\/\/obscom.intervozes.org.br\/?p=20821","title":{"rendered":"Declara\u00e7\u00e3o de Caracas compara o terrorismo midi\u00e1tico com o militar e o econ\u00f4mico"},"content":{"rendered":"<p><span>O terrorismo midi&aacute;tico esteve em pauta durante quatro dias &#8211; de 27 a 30 de mar&ccedil;o &#8211; em Caracas no &quot;I Encontro Latino-americano contra o Terrorismo Midi&aacute;tico&quot;, que se op&ocirc;s ao encontro da Sociedade Interamericana de Imprensa (SIP, sigla em espanhol). <\/p>\n<p><\/span><span>Os intelectuais e jornalistas de mais de 14 pa&iacute;ses que estiveram presentes ao encontro divulgaram a &quot;Declara&ccedil;&atilde;o de Caracas&quot;, na qual disseram que esse tipo de terrorismo &eacute; a primeira express&atilde;o e condi&ccedil;&atilde;o necess&aacute;ria do terrorismo militar e econ&ocirc;mico que o Norte industrializado emprega para impor &agrave; humanidade sua hegemonia imperial e seu dom&iacute;nio neocolonial.<\/p>\n<p><\/span><span>Eles denunciaram que as empresas de comunica&ccedil;&atilde;o transnacionais utilizam informa&ccedil;&otilde;es falsas para realizarem &quot;uma agress&atilde;o massiva e permanente contra os povos e governos que lutam pela paz, a justi&ccedil;a e a inclus&atilde;o&quot;. Nesse sentido, deu-se como exemplo a campanha para sabotar qualquer acordo humanit&aacute;rio ou sa&iacute;da pol&iacute;tica para o conflito colombiano, e para regionalizar a guerra na zona andina.<\/p>\n<p><\/span><span>A luta de Equador, Bol&iacute;via, Nicar&aacute;gua, Brasil, Argentina, Uruguai e M&eacute;xico &quot;confirma a vontade pol&iacute;tica de nossas sociedades para desbaratar a agressiva e simult&acirc;nea campanha de difama&ccedil;&atilde;o das transnacionais informativas e da SIP. Cuba e Venezuela representam com clareza os pontos mais vigorosos dessa batalha ainda inconclusa&quot;. <\/p>\n<p><\/span><span>A liberdade, a democracia nos pa&iacute;ses latino-americanos se v&ecirc;em amea&ccedil;adas pelos oligop&oacute;lios de comunica&ccedil;&atilde;o que manipulam a verdade. Assim, os participantes consideram fundamental criar uma Plataforma Internacional contra o Terrorismo Midi&aacute;tico.<\/p>\n<p><\/span><span>Essa Plataforma convoca para a realiza&ccedil;&atilde;o de um novo encontro, em at&eacute; dois meses. Para esse encontro ser&atilde;o convocadas organiza&ccedil;&otilde;es como a Federa&ccedil;&atilde;o Latino-americana de Jornalistas (Felap), &quot;que no crescimento da consci&ecirc;ncia dos povos latino-americanos e caribenhos defendeu exemplarmente o direito &agrave; verdade e &agrave; divisa que sustenta seus princ&iacute;pios&quot;.<\/p>\n<p><\/span><span>Os signat&aacute;rios da Declara&ccedil;&atilde;o responsabilizaram a administra&ccedil;&atilde;o do presidente dos Estados Unidos, George W. Bus, pela sistem&aacute;tica agress&atilde;o terrorista dos &uacute;ltimos anos contra os meios de comunica&ccedil;&atilde;o alternativos, populares, comunit&aacute;rios e alguns empresariais. A SIP e a organiza&ccedil;&atilde;o Rep&oacute;rteres Sem Fronteiras foram apontadas como obedientes aos ditados de Washington &quot;na falsifica&ccedil;&atilde;o da realidade e na difama&ccedil;&atilde;o globalizada&quot;. <\/p>\n<p><\/span><span>No s&aacute;bado (29), durante a realiza&ccedil;&atilde;o do encontro, uma marcha, acompanhada por representa&ccedil;&otilde;es teatrais, foi &agrave;s ruas de Caracas, onde passou em frente a hotel no qual foi realizada a reuni&atilde;o da SIP, para protestar contra esses meios.<\/span><\/p>\n","protected":false},"excerpt":{"rendered":"<p>O terrorismo midi&aacute;tico esteve em pauta durante quatro dias &#8211; de 27 a 30 de mar&ccedil;o &#8211; em Caracas no &quot;I Encontro Latino-americano contra o Terrorismo Midi&aacute;tico&quot;, que se op&ocirc;s ao encontro da Sociedade Interamericana de Imprensa (SIP, sigla em espanhol). Os intelectuais e jornalistas de mais de 14 pa&iacute;ses que estiveram presentes ao encontro &hellip; <a href=\"https:\/\/obscom.intervozes.org.br\/?p=20821\" class=\"more-link\">Continue lendo <span class=\"screen-reader-text\">Declara\u00e7\u00e3o de Caracas compara o terrorismo midi\u00e1tico com o militar e o econ\u00f4mico<\/span> <span class=\"meta-nav\">&rarr;<\/span><\/a><\/p>\n","protected":false},"author":1,"featured_media":0,"comment_status":"open","ping_status":"open","sticky":false,"template":"","format":"standard","meta":{"footnotes":""},"categories":[40],"tags":[211],"_links":{"self":[{"href":"https:\/\/obscom.intervozes.org.br\/index.php?rest_route=\/wp\/v2\/posts\/20821"}],"collection":[{"href":"https:\/\/obscom.intervozes.org.br\/index.php?rest_route=\/wp\/v2\/posts"}],"about":[{"href":"https:\/\/obscom.intervozes.org.br\/index.php?rest_route=\/wp\/v2\/types\/post"}],"author":[{"embeddable":true,"href":"https:\/\/obscom.intervozes.org.br\/index.php?rest_route=\/wp\/v2\/users\/1"}],"replies":[{"embeddable":true,"href":"https:\/\/obscom.intervozes.org.br\/index.php?rest_route=%2Fwp%2Fv2%2Fcomments&post=20821"}],"version-history":[{"count":0,"href":"https:\/\/obscom.intervozes.org.br\/index.php?rest_route=\/wp\/v2\/posts\/20821\/revisions"}],"wp:attachment":[{"href":"https:\/\/obscom.intervozes.org.br\/index.php?rest_route=%2Fwp%2Fv2%2Fmedia&parent=20821"}],"wp:term":[{"taxonomy":"category","embeddable":true,"href":"https:\/\/obscom.intervozes.org.br\/index.php?rest_route=%2Fwp%2Fv2%2Fcategories&post=20821"},{"taxonomy":"post_tag","embeddable":true,"href":"https:\/\/obscom.intervozes.org.br\/index.php?rest_route=%2Fwp%2Fv2%2Ftags&post=20821"}],"curies":[{"name":"wp","href":"https:\/\/api.w.org\/{rel}","templated":true}]}}