{"id":20819,"date":"2008-04-01T12:18:28","date_gmt":"2008-04-01T12:18:28","guid":{"rendered":"https:\/\/obscom.intervozes.org.br\/wordpress\/?p=20819"},"modified":"2008-04-01T12:18:28","modified_gmt":"2008-04-01T12:18:28","slug":"sardenberg-preve-para-meados-do-mes-as-alteracoes-no-pgo","status":"publish","type":"post","link":"https:\/\/obscom.intervozes.org.br\/?p=20819","title":{"rendered":"Sardenberg prev\u00ea para meados do m\u00eas as altera\u00e7\u00f5es no PGO"},"content":{"rendered":"<p><span>O presidente da Anatel, Ronaldo Sardenberg, disse hoje que os estudos para as altera&ccedil;&otilde;es do PGO (Plano Geral do Outorgas) j&aacute; est&atilde;o perto do seu auge e devem ser aprovados na reuni&atilde;o do Conselho Nacional da ag&ecirc;ncia prevista para meados deste m&ecirc;s. Ele esteve hoje no Minist&eacute;rio das Comunica&ccedil;&otilde;es para mais uma conversa&nbsp; sobre o assunto com H&eacute;lio Costa.<\/p>\n<p><\/span><span>Segundo Sardenberg, a demora na conclus&atilde;o dos estudos deve-se a complexidade de avaliar as adequa&ccedil;&otilde;es necess&aacute;rias em todos os documentos infralegais (abaixo da Lei Geral de Telecomunica&ccedil;&otilde;es). Ele disse que as altera&ccedil;&otilde;es n&atilde;o se restringir&atilde;o &agrave; quest&atilde;o da fus&atilde;o das empresas, mas a adequa&ccedil;&atilde;o dos regulamentos &agrave; atual realidade tecnol&oacute;gica do pa&iacute;s.<\/p>\n<p><\/span><span>Sardenberg disse que Anatel n&atilde;o foi notificada oficialmente sobre o fechamento do acordo entre a Oi e a Brasil Telecom, por&eacute;m informou que teve uma conversa ocasional como presidente da Oi, Luiz Eduardo Falco. &ldquo;Ele confirmou que o acordo est&aacute; pronto a ser decidido em car&aacute;ter final&rdquo;, disse.<\/p>\n<p><\/span><span>Quanto &agrave; resposta ao Minicom, que solicitou a avalia&ccedil;&atilde;o da ag&ecirc;ncia sobre as mudan&ccedil;as no PGO, Sardenberg disse que esta ser&aacute; a pr&oacute;pria abertura da consulta p&uacute;blica, t&atilde;o logo os estudos sejam aprovados pelo Conselho Diretor da Anatel. Ele descartou a possibilidade disso ocorrer no pr&oacute;ximo dia 9, quando est&aacute; prevista nova reuni&atilde;o do colegiado. &ldquo;Os documentos n&atilde;o ficar&atilde;o prontos&rdquo;, avaliou.<\/p>\n<p><\/span><span><strong>Contrapartidas<\/p>\n<p><\/strong><\/span><span>O presidente da Anatel reafirmou que os estudos para mudan&ccedil;a do PGO est&atilde;o sendo baseados em dois crit&eacute;rios: se existe concentra&ccedil;&atilde;o e benef&iacute;cio &agrave; sociedade. Sardenberg disse que se for decidida que &eacute; preciso garantir contrapartidas entre as duas empresas, isto ser&aacute; feito em acordo espec&iacute;fico. Por&eacute;m, se houver necessidade de se assegurar essas contrapartidas de forma mais ampla, elas entrar&atilde;o no PGO.<\/p>\n<p><\/span><span>Em rela&ccedil;&atilde;o ao projeto de lei sobre converg&ecirc;ncia tecnol&oacute;gica, que est&aacute; em vias de vota&ccedil;&atilde;o na Comiss&atilde;o de Ci&ecirc;ncia e Tecnologia da C&acirc;mara, Sardenberg disse que as adapta&ccedil;&otilde;es nos regulamentos ser&atilde;o feitas no momento certo. &Eacute; poss&iacute;vel, inclusive, a elabora&ccedil;&atilde;o de novos regulamentos.<\/span><\/p>\n","protected":false},"excerpt":{"rendered":"<p>O presidente da Anatel, Ronaldo Sardenberg, disse hoje que os estudos para as altera&ccedil;&otilde;es do PGO (Plano Geral do Outorgas) j&aacute; est&atilde;o perto do seu auge e devem ser aprovados na reuni&atilde;o do Conselho Nacional da ag&ecirc;ncia prevista para meados deste m&ecirc;s. Ele esteve hoje no Minist&eacute;rio das Comunica&ccedil;&otilde;es para mais uma conversa&nbsp; sobre o &hellip; <a href=\"https:\/\/obscom.intervozes.org.br\/?p=20819\" class=\"more-link\">Continue lendo <span class=\"screen-reader-text\">Sardenberg prev\u00ea para meados do m\u00eas as altera\u00e7\u00f5es no PGO<\/span> <span class=\"meta-nav\">&rarr;<\/span><\/a><\/p>\n","protected":false},"author":1,"featured_media":0,"comment_status":"open","ping_status":"open","sticky":false,"template":"","format":"standard","meta":{"footnotes":""},"categories":[40],"tags":[152],"_links":{"self":[{"href":"https:\/\/obscom.intervozes.org.br\/index.php?rest_route=\/wp\/v2\/posts\/20819"}],"collection":[{"href":"https:\/\/obscom.intervozes.org.br\/index.php?rest_route=\/wp\/v2\/posts"}],"about":[{"href":"https:\/\/obscom.intervozes.org.br\/index.php?rest_route=\/wp\/v2\/types\/post"}],"author":[{"embeddable":true,"href":"https:\/\/obscom.intervozes.org.br\/index.php?rest_route=\/wp\/v2\/users\/1"}],"replies":[{"embeddable":true,"href":"https:\/\/obscom.intervozes.org.br\/index.php?rest_route=%2Fwp%2Fv2%2Fcomments&post=20819"}],"version-history":[{"count":0,"href":"https:\/\/obscom.intervozes.org.br\/index.php?rest_route=\/wp\/v2\/posts\/20819\/revisions"}],"wp:attachment":[{"href":"https:\/\/obscom.intervozes.org.br\/index.php?rest_route=%2Fwp%2Fv2%2Fmedia&parent=20819"}],"wp:term":[{"taxonomy":"category","embeddable":true,"href":"https:\/\/obscom.intervozes.org.br\/index.php?rest_route=%2Fwp%2Fv2%2Fcategories&post=20819"},{"taxonomy":"post_tag","embeddable":true,"href":"https:\/\/obscom.intervozes.org.br\/index.php?rest_route=%2Fwp%2Fv2%2Ftags&post=20819"}],"curies":[{"name":"wp","href":"https:\/\/api.w.org\/{rel}","templated":true}]}}