{"id":20812,"date":"2008-03-31T16:55:52","date_gmt":"2008-03-31T16:55:52","guid":{"rendered":"https:\/\/obscom.intervozes.org.br\/wordpress\/?p=20812"},"modified":"2008-03-31T16:55:52","modified_gmt":"2008-03-31T16:55:52","slug":"regras-passam-a-valer-em-todo-pais-a-partir-do-dia-8","status":"publish","type":"post","link":"https:\/\/obscom.intervozes.org.br\/?p=20812","title":{"rendered":"Regras passam a valer em todo pa\u00eds a partir do dia 8"},"content":{"rendered":"<p class=\"MsoNormal\"><span>Faltando uma semana para encerrar o prazo prolongado concedido pelo Minist&eacute;rio da Justi&ccedil;a para que as emissoras de TV adaptassem suas transmiss&otilde;es aos diferentes fusos hor&aacute;rios vigentes no pa&iacute;s em fun&ccedil;&atilde;o da classifica&ccedil;&atilde;o indicativa dos programas, declara&ccedil;&otilde;es de ambos os lados d&atilde;o conta de que no dia 8 de abril a Portaria 1.220\/07 entrar&aacute; plenamente em vigor. O minist&eacute;rio garante que n&atilde;o haver&aacute; novas prorroga&ccedil;&otilde;es, uma vez que entende ter sido suficiente o tempo que as emissoras tiveram para eventuais ajustes t&eacute;cnicos. J&aacute; a Associa&ccedil;&atilde;o Brasileira de Emissoras de R&aacute;dio e Televis&atilde;o (Abert) afirma que n&atilde;o pedir&aacute; outro adiamento, mas segue questionando o m&eacute;rito da portaria no que diz respeito &agrave; vincula&ccedil;&atilde;o da classifica&ccedil;&atilde;o ao hor&aacute;rio de exibi&ccedil;&atilde;o.<\/p>\n<p><\/span><span>A saga da classifica&ccedil;&atilde;o indicativa conta com uma portaria promulgada em fevereiro de 2007 e suspensa logo em seguida por decis&atilde;o do Supremo Tribunal de Justi&ccedil;a (STJ) em favor de a&ccedil;&atilde;o movida pela Abert. Na a&ccedil;&atilde;o, os empres&aacute;rios afirmavam que os artigos da portaria que vinculavam o hor&aacute;rio de um programa &agrave; idade recomendada equivaleria a uma proibi&ccedil;&atilde;o de exibi&ccedil;&atilde;o, ou seja, ao inv&eacute;s de &quot;indicativa&quot; a classifica&ccedil;&atilde;o passava a ser &quot;proibitiva&quot;.<\/p>\n<p><\/span><span>Ap&oacute;s nova rodada de negocia&ccedil;&otilde;es frustrada com os empres&aacute;rios, o MJ publicou a vers&atilde;o definitiva das regras da CI em julho do ano passado, mantendo a previs&atilde;o da vincula&ccedil;&atilde;o entre a classifica&ccedil;&atilde;o e a hora de exibi&ccedil;&atilde;o, respeitados os fusos hor&aacute;rios. Ou seja, um programa classificado para maiores de 12 anos s&oacute; pode ir ao ar ap&oacute;s as 20h; para maiores de 14, s&oacute; depois das 21h; para maiores de 16, &agrave;s 22h e na faixa de 18 anos, somente depois das 23h, sempre de acordo com o hor&aacute;rio local.<\/p>\n<p><\/span><span>No novo texto, as emissoras ganharam 180 dias para adaptar a grade de programa&ccedil;&atilde;o &agrave; nova regra. Passados os seis meses, em janeiro, o minist&eacute;rio concedeu mais 90 dias &agrave;s TVs, prazo que termina no pr&oacute;ximo domingo, dia 7. No dia 8, todas as emissoras dos estados do Norte (&agrave; exce&ccedil;&atilde;o da por&ccedil;&atilde;o leste do Par&aacute;), do Mato Grosso e do Mato Grosso do Sul dever&atilde;o ter adaptado suas transmiss&otilde;es ao hor&aacute;rio local.<\/p>\n<p><\/span><span>&quot;N&atilde;o trabalhamos com outra data&quot;, afirma o secret&aacute;rio Nacional de Justi&ccedil;a, Romeu Tuma J&uacute;nior. Segundo o secret&aacute;rio, quando a prorroga&ccedil;&atilde;o foi concedida, levou-se em considera&ccedil;&atilde;o as solicita&ccedil;&otilde;es de parlamentares da regi&atilde;o e dos empres&aacute;rios, que alegaram dificuldades t&eacute;cnicas. O prazo de agora, ainda segundo Tuma, &eacute; considerado suficiente para super&aacute;-las.<\/p>\n<p><\/span><span>De acordo com Fl&aacute;vio Cavalcanti J&uacute;nior, diretor-geral da Abert, as emissoras compreenderam que o debate sobre a vincula&ccedil;&atilde;o est&aacute; esgotado neste momento e que, portanto, as adapta&ccedil;&otilde;es eram inevit&aacute;veis. &quot;Seguimos n&atilde;o concordando, mas estamos prontos&quot;, disse Cavalcanti. &quot;N&atilde;o desistimos de convencer as pessoas de que a portaria &eacute; in&oacute;cua, porque as pessoas v&atilde;o migrar para a antena parab&oacute;lica para continuar recebendo a programa&ccedil;&atilde;o no mesmo hor&aacute;rio de antes. Se &eacute; que isso (a classifica&ccedil;&atilde;o) resolve e melhora alguma coisa, vai proteger s&oacute; uma parte das crian&ccedil;as do Norte.&quot;<\/p>\n<p><\/span><span>O argumento da migra&ccedil;&atilde;o diz respeito especificamente &agrave;s regi&otilde;es com fuso hor&aacute;rio diverso do de Bras&iacute;lia. Embora esta tenha sido a briga comprada pelas emissoras desde julho, as declara&ccedil;&otilde;es de Cavalcanti deixam claro que a Abert n&atilde;o concorda com a discuss&atilde;o de fundo da classifica&ccedil;&atilde;o indicativa. &quot;O argumento a favor da portaria diz que ela est&aacute; baseada no Estatuto da Crian&ccedil;a e do Adolescente (ECA). N&oacute;s estamos amparados na Constitui&ccedil;&atilde;o, que diz que a classifica&ccedil;&atilde;o &eacute; meramente indicativa&quot;, comentou.<\/p>\n<p><\/span><span>O secret&aacute;rio Tuma J&uacute;nior &eacute; categ&oacute;rico ao afirmar que n&atilde;o h&aacute; nenhuma indica&ccedil;&atilde;o do Minist&eacute;rio da Justi&ccedil;a para rever a portaria. &quot;Retroceder, jamais. A classifica&ccedil;&atilde;o indicativa &eacute; uma previs&atilde;o da Constitui&ccedil;&atilde;o e do ECA&quot;, disse. Tuma J&uacute;nior defendeu inclusive o aprimoramento do dispositivo de vincula&ccedil;&atilde;o do hor&aacute;rio &agrave; classifica&ccedil;&atilde;o. &quot;Temos de passar a dizer que o que vale &eacute; o hor&aacute;rio local, para dar conta tamb&eacute;m do hor&aacute;rio de ver&atilde;o.&quot;<\/p>\n<p><strong>Fusos e grades<\/strong><\/span><\/p>\n<p class=\"MsoNormal\"><span>O Observat&oacute;rio do Direito &agrave; Comunica&ccedil;&atilde;o entrou em contato com as cinco grandes redes nacionais de TV &ndash; Globo, Record, SBT, Bandeirantes e Rede TV! &ndash; para averiguar o est&aacute;gio das adapta&ccedil;&otilde;es das programa&ccedil;&otilde;es aos fusos hor&aacute;rios do Norte e Centro-Oeste. Record e Rede TV! n&atilde;o deram retorno &agrave; reportagem at&eacute; o fechamento desta mat&eacute;ria. No SBT e na Bandeirantes, os ajustes ser&atilde;o poucos.<\/p>\n<p>Segundo Murilo Fraga, diretor de programa&ccedil;&atilde;o da Band, a programa&ccedil;&atilde;o da emissora praticamente n&atilde;o enfrenta limita&ccedil;&otilde;es de hor&aacute;rio por conta do seu conte&uacute;do. &ldquo;No caso da nossa sess&atilde;o de cinema &agrave;s quintas-feiras, quando for programado um filme classificado para as 22h, por exemplo, exibiremos um outro t&iacute;tulo nas regi&otilde;es com diferen&ccedil;a de hor&aacute;rio.&rdquo;<\/p>\n<p>No SBT, a programa&ccedil;&atilde;o ser&aacute; toda gravada e transmitida uma hora depois, inclusive os telejornais. Al&eacute;m disso, haver&aacute; uma invers&atilde;o entre a novela Lalola, classificada para 12 anos, e a s&eacute;rie &ldquo;Eu, a patroa e as crian&ccedil;as&rdquo;. No Acre, onde a diferen&ccedil;a em rela&ccedil;&atilde;o &agrave; Bras&iacute;lia &eacute; de duas horas, a grade de programa&ccedil;&atilde;o ter&aacute; uma hora a mais de programa&ccedil;&atilde;o local, para que o estado possa receber o mesmo sinal de Manaus. As mudan&ccedil;as passam a ser testadas a partir de hoje (31).<\/p>\n<p>A TV Globo respondeu que ainda estuda as possibilidades de ajuste. A maior empresa de comunica&ccedil;&atilde;o do pa&iacute;s enfrenta um dilema. Para manter intacta a sua grade de programa&ccedil;&atilde;o no hor&aacute;rio nobre (novelas e Jornal Nacional), a Globo precisaria gravar os jogos de futebol e transmiti-los uma ou duas horas depois.<\/p>\n<p>A id&eacute;ia de que os estados com fuso hor&aacute;rio diferente sairiam perdendo em informa&ccedil;&atilde;o e simultaneidade &eacute; um dos argumentos mais usados pelas emissoras e pela Abert contra a Portaria 1.220. Por&eacute;m, o secret&aacute;rio Romeu Tuma J&uacute;nior refor&ccedil;a que esta &eacute; uma escolha a ser feita pelas pr&oacute;prias emissoras. &ldquo;<\/span><span>Dizer que os estados com fuso hor&aacute;rio diferente s&oacute; v&atilde;o poder assistir programa gravado &eacute; uma distor&ccedil;&atilde;o. <\/span><span>O futebol n&atilde;o tem classifica&ccedil;&atilde;o e telejornal n&atilde;o tem classifica&ccedil;&atilde;o, portanto podem passar na mesma hora para todo o Brasil.&rdquo;<\/span><\/p>\n","protected":false},"excerpt":{"rendered":"<p>Minist\u00e9rio da Justi\u00e7a garante que a adapta\u00e7\u00e3o das programa\u00e7\u00f5es de televis\u00e3o aos diferentes fusos hor\u00e1rios do pa\u00eds passa a valer a partir do dia 8 de abril; Abert afirma que n\u00e3o pedir\u00e1 outro adiamento.<\/p>\n","protected":false},"author":1,"featured_media":0,"comment_status":"open","ping_status":"open","sticky":false,"template":"","format":"standard","meta":{"footnotes":""},"categories":[40],"tags":[111],"_links":{"self":[{"href":"https:\/\/obscom.intervozes.org.br\/index.php?rest_route=\/wp\/v2\/posts\/20812"}],"collection":[{"href":"https:\/\/obscom.intervozes.org.br\/index.php?rest_route=\/wp\/v2\/posts"}],"about":[{"href":"https:\/\/obscom.intervozes.org.br\/index.php?rest_route=\/wp\/v2\/types\/post"}],"author":[{"embeddable":true,"href":"https:\/\/obscom.intervozes.org.br\/index.php?rest_route=\/wp\/v2\/users\/1"}],"replies":[{"embeddable":true,"href":"https:\/\/obscom.intervozes.org.br\/index.php?rest_route=%2Fwp%2Fv2%2Fcomments&post=20812"}],"version-history":[{"count":0,"href":"https:\/\/obscom.intervozes.org.br\/index.php?rest_route=\/wp\/v2\/posts\/20812\/revisions"}],"wp:attachment":[{"href":"https:\/\/obscom.intervozes.org.br\/index.php?rest_route=%2Fwp%2Fv2%2Fmedia&parent=20812"}],"wp:term":[{"taxonomy":"category","embeddable":true,"href":"https:\/\/obscom.intervozes.org.br\/index.php?rest_route=%2Fwp%2Fv2%2Fcategories&post=20812"},{"taxonomy":"post_tag","embeddable":true,"href":"https:\/\/obscom.intervozes.org.br\/index.php?rest_route=%2Fwp%2Fv2%2Ftags&post=20812"}],"curies":[{"name":"wp","href":"https:\/\/api.w.org\/{rel}","templated":true}]}}