{"id":20809,"date":"2008-03-31T14:18:03","date_gmt":"2008-03-31T14:18:03","guid":{"rendered":"https:\/\/obscom.intervozes.org.br\/wordpress\/?p=20809"},"modified":"2008-03-31T14:18:03","modified_gmt":"2008-03-31T14:18:03","slug":"governo-quer-retomar-licitacao-dos-notebooks-em-tres-meses","status":"publish","type":"post","link":"https:\/\/obscom.intervozes.org.br\/?p=20809","title":{"rendered":"Governo quer retomar licita\u00e7\u00e3o dos notebooks em tr\u00eas meses"},"content":{"rendered":"<p>O Minist&eacute;rio da Educa&ccedil;&atilde;o est&aacute; elaborando um novo termo de refer&ecirc;ncia para que&nbsp; governo possa retomar a licita&ccedil;&atilde;o dos 150 mil notebooks dentro de no m&aacute;ximo tr&ecirc;s meses, informou hoje o coordenador de inclus&atilde;o digital do governo federal, Cezar Alvarez, durante o 13&ordm; Encontro Tele.S&iacute;ntese, promovido pela Momento Editorial.<\/p>\n<p>Segundo ele, o governo j&aacute; se convenceu que n&atilde;o ser&aacute; poss&iacute;vel chegar ao pre&ccedil;o de US$ 100, conforme havia sido prometido pelo professor&nbsp; Nicholas Negroponte, mas ir&aacute; modificar algumas&nbsp; exig&ecirc;ncias estabelecidas no edital do ano passado, que acabou cancelado, visando a redu&ccedil;&atilde;o do pre&ccedil;o a ser praticado. <\/p>\n<p>Entre as mudan&ccedil;as, o MEC dever&aacute; reduzir o prazo da garantia (estava-se pedindo garantia de tr&ecirc;s anos) e modificar as exig&ecirc;ncias&nbsp; de&nbsp; entrega dos equipamentos. No primeiro edital, a empresa vencedora teria que entregar os equipamentos em todo o territ&oacute;rio brasileiro, e agora ela dever&aacute; entregar em um &uacute;nico ponto e o governo ir&aacute;&nbsp; se encarregar de distribuir as m&aacute;quinas.<\/p>\n","protected":false},"excerpt":{"rendered":"<p>O Minist&eacute;rio da Educa&ccedil;&atilde;o est&aacute; elaborando um novo termo de refer&ecirc;ncia para que&nbsp; governo possa retomar a licita&ccedil;&atilde;o dos 150 mil notebooks dentro de no m&aacute;ximo tr&ecirc;s meses, informou hoje o coordenador de inclus&atilde;o digital do governo federal, Cezar Alvarez, durante o 13&ordm; Encontro Tele.S&iacute;ntese, promovido pela Momento Editorial. Segundo ele, o governo j&aacute; se &hellip; <a href=\"https:\/\/obscom.intervozes.org.br\/?p=20809\" class=\"more-link\">Continue lendo <span class=\"screen-reader-text\">Governo quer retomar licita\u00e7\u00e3o dos notebooks em tr\u00eas meses<\/span> <span class=\"meta-nav\">&rarr;<\/span><\/a><\/p>\n","protected":false},"author":1,"featured_media":0,"comment_status":"open","ping_status":"open","sticky":false,"template":"","format":"standard","meta":{"footnotes":""},"categories":[40],"tags":[253],"_links":{"self":[{"href":"https:\/\/obscom.intervozes.org.br\/index.php?rest_route=\/wp\/v2\/posts\/20809"}],"collection":[{"href":"https:\/\/obscom.intervozes.org.br\/index.php?rest_route=\/wp\/v2\/posts"}],"about":[{"href":"https:\/\/obscom.intervozes.org.br\/index.php?rest_route=\/wp\/v2\/types\/post"}],"author":[{"embeddable":true,"href":"https:\/\/obscom.intervozes.org.br\/index.php?rest_route=\/wp\/v2\/users\/1"}],"replies":[{"embeddable":true,"href":"https:\/\/obscom.intervozes.org.br\/index.php?rest_route=%2Fwp%2Fv2%2Fcomments&post=20809"}],"version-history":[{"count":0,"href":"https:\/\/obscom.intervozes.org.br\/index.php?rest_route=\/wp\/v2\/posts\/20809\/revisions"}],"wp:attachment":[{"href":"https:\/\/obscom.intervozes.org.br\/index.php?rest_route=%2Fwp%2Fv2%2Fmedia&parent=20809"}],"wp:term":[{"taxonomy":"category","embeddable":true,"href":"https:\/\/obscom.intervozes.org.br\/index.php?rest_route=%2Fwp%2Fv2%2Fcategories&post=20809"},{"taxonomy":"post_tag","embeddable":true,"href":"https:\/\/obscom.intervozes.org.br\/index.php?rest_route=%2Fwp%2Fv2%2Ftags&post=20809"}],"curies":[{"name":"wp","href":"https:\/\/api.w.org\/{rel}","templated":true}]}}