{"id":20807,"date":"2008-03-31T14:01:35","date_gmt":"2008-03-31T14:01:35","guid":{"rendered":"https:\/\/obscom.intervozes.org.br\/wordpress\/?p=20807"},"modified":"2008-03-31T14:01:35","modified_gmt":"2008-03-31T14:01:35","slug":"pais-tem-o-que-comemorar-no-dia-nacional-da-inclusao-digital-diz-secretario","status":"publish","type":"post","link":"https:\/\/obscom.intervozes.org.br\/?p=20807","title":{"rendered":"Pa\u00eds tem o que comemorar no Dia Nacional da Inclus\u00e3o Digital, diz secret\u00e1rio"},"content":{"rendered":"<p><span>Bras&iacute;lia &#8211; Apesar do que chamou de &ldquo;lentid&atilde;o&rdquo; com que a popula&ccedil;&atilde;o brasileira tem se apropriado dos computadores e da internet, o secret&aacute;rio de Ci&ecirc;ncia e Tecnologia para a Inclus&atilde;o Digital do Minist&eacute;rio da Ci&ecirc;ncia e Tecnologia, Joe Valle, disse que o pa&iacute;s tem raz&otilde;es para comemorar, hoje (29), o Dia Nacional de Inclus&atilde;o Digital. <\/p>\n<p><\/span><span>Segundo o Centro de Estudos sobre as Tecnologias da Informa&ccedil;&atilde;o e da Comunica&ccedil;&atilde;o (Cetic), at&eacute; o ano passado quase metade (47%) da popula&ccedil;&atilde;o brasileira jamais havia utilizado um computador. Em 2006, outra pesquisa do &oacute;rg&atilde;o indicava que 54% dos brasileiros estavam na mesma situa&ccedil;&atilde;o. <\/p>\n<p><\/span><span>Embora os dados de 2007 indiquem que 59% da popula&ccedil;&atilde;o nunca tinham acessado a rede mundial de computadores e que apenas 24% dos domic&iacute;lios possu&iacute;am computadores, o Cetic considerou que houve um forte aumento na posse e no uso das tecnologias da informa&ccedil;&atilde;o e comunica&ccedil;&atilde;o, j&aacute; que em 2006 esses &iacute;ndices eram de 67% e 20%, respectivamente.<\/p>\n<p><\/span><span>Valle aponta que v&aacute;rias institui&ccedil;&otilde;es e minist&eacute;rios trabalham para democratizar o acesso ao universo digital e que &eacute; preciso considerar as particularidades nacionais. &ldquo;Mesmo com todo o esfor&ccedil;o do governo na quest&atilde;o da inclus&atilde;o digital, h&aacute; um aumento pequeno. Agora, &eacute; preciso considerar o tamanho do pa&iacute;s, as necessidades b&aacute;sicas que v&ecirc;m sendo atendidas. Com as pessoas podendo se alimentar e com o aumento do poder de compras, a pr&oacute;xima etapa &eacute; que elas se insiram na sociedade da informa&ccedil;&atilde;o&rdquo;, disse o secret&aacute;rio &agrave; Ag&ecirc;ncia Brasil.<\/p>\n<p><\/span><span>O secret&aacute;rio argumentou que devido ao tamanho do territ&oacute;rio brasileiro e &agrave; diversidade cultural, os projetos governamentais t&ecirc;m de adquirir &ldquo;uma musculatura&rdquo; que exige tempo e um trabalho coordenado: &ldquo;O esfor&ccedil;o pela inclus&atilde;o digital tem de ser muito grande e, logicamente, precisava de uma coordena&ccedil;&atilde;o, hoje a cargo do assessor especial da Presid&ecirc;ncia da Rep&uacute;blica, C&eacute;sar Alvarez. Somente assim poderemos enxergar os horizontes ainda n&atilde;o alcan&ccedil;ados.&quot;&nbsp;<\/p>\n<p><\/span><span>Segundo Valle, o Minist&eacute;rio da Ci&ecirc;ncia e Tecnologia investir&aacute;, at&eacute; 2010, cerca de R$ 50 milh&otilde;es na cria&ccedil;&atilde;o de 2 mil telecentros, de centros vocacionais tecnol&oacute;gicos, al&eacute;m de ajudar o Minist&eacute;rio da Educa&ccedil;&atilde;o a informatizar escolas p&uacute;blicas. &ldquo;N&atilde;o basta colocarmos as m&aacute;quinas. H&aacute; um complemento, como o conte&uacute;do que ser&aacute; colocado nessas m&aacute;quinas. E tamb&eacute;m a quest&atilde;o da conectividade, que &eacute; fundamental para conseguirmos a efetividade do processo de inclus&atilde;o digital&rdquo;, disse. <\/p>\n<p><\/span><span>O esfor&ccedil;o maior, acrescentou, &eacute; garantir a sustentabilidade dos telecentros. &ldquo;Um dos grandes gargalos, hoje, &eacute; como os telecentros podem continuar funcionando ap&oacute;s o t&eacute;rmino do conv&ecirc;nio com a institui&ccedil;&atilde;o p&uacute;blica. Dos cerca de 14 mil telecentros implementados j&aacute; h&aacute; os que funcionam plenamente, de forma sustent&aacute;vel. Caber&aacute; &agrave; coordena&ccedil;&atilde;o do processo pegar estes casos de sucesso para que eles sejam replicados em v&aacute;rios outros lugares&rdquo;.<\/p>\n<p><\/span><span>Valle comparou o acesso ao conhecimento das tecnologias digitais &agrave; alfabetiza&ccedil;&atilde;o: &ldquo;Trata-se de ter como crescer, como se desenvolver, de ter renda e ter o conhecimento necess&aacute;rio para melhorar a qualidade de vida. Se a pessoa n&atilde;o tem acesso &agrave; internet, aos computadores, estar&aacute; cada vez mais fora do mercado de trabalho. A quest&atilde;o digital &eacute; fundamental para o dia-a-dia das pessoas, pois dependemos dos computadores para quase tudo.&rdquo;<\/span><\/p>\n","protected":false},"excerpt":{"rendered":"<p>Bras&iacute;lia &#8211; Apesar do que chamou de &ldquo;lentid&atilde;o&rdquo; com que a popula&ccedil;&atilde;o brasileira tem se apropriado dos computadores e da internet, o secret&aacute;rio de Ci&ecirc;ncia e Tecnologia para a Inclus&atilde;o Digital do Minist&eacute;rio da Ci&ecirc;ncia e Tecnologia, Joe Valle, disse que o pa&iacute;s tem raz&otilde;es para comemorar, hoje (29), o Dia Nacional de Inclus&atilde;o Digital. &hellip; <a href=\"https:\/\/obscom.intervozes.org.br\/?p=20807\" class=\"more-link\">Continue lendo <span class=\"screen-reader-text\">Pa\u00eds tem o que comemorar no Dia Nacional da Inclus\u00e3o Digital, diz secret\u00e1rio<\/span> <span class=\"meta-nav\">&rarr;<\/span><\/a><\/p>\n","protected":false},"author":1,"featured_media":0,"comment_status":"open","ping_status":"open","sticky":false,"template":"","format":"standard","meta":{"footnotes":""},"categories":[40],"tags":[60],"_links":{"self":[{"href":"https:\/\/obscom.intervozes.org.br\/index.php?rest_route=\/wp\/v2\/posts\/20807"}],"collection":[{"href":"https:\/\/obscom.intervozes.org.br\/index.php?rest_route=\/wp\/v2\/posts"}],"about":[{"href":"https:\/\/obscom.intervozes.org.br\/index.php?rest_route=\/wp\/v2\/types\/post"}],"author":[{"embeddable":true,"href":"https:\/\/obscom.intervozes.org.br\/index.php?rest_route=\/wp\/v2\/users\/1"}],"replies":[{"embeddable":true,"href":"https:\/\/obscom.intervozes.org.br\/index.php?rest_route=%2Fwp%2Fv2%2Fcomments&post=20807"}],"version-history":[{"count":0,"href":"https:\/\/obscom.intervozes.org.br\/index.php?rest_route=\/wp\/v2\/posts\/20807\/revisions"}],"wp:attachment":[{"href":"https:\/\/obscom.intervozes.org.br\/index.php?rest_route=%2Fwp%2Fv2%2Fmedia&parent=20807"}],"wp:term":[{"taxonomy":"category","embeddable":true,"href":"https:\/\/obscom.intervozes.org.br\/index.php?rest_route=%2Fwp%2Fv2%2Fcategories&post=20807"},{"taxonomy":"post_tag","embeddable":true,"href":"https:\/\/obscom.intervozes.org.br\/index.php?rest_route=%2Fwp%2Fv2%2Ftags&post=20807"}],"curies":[{"name":"wp","href":"https:\/\/api.w.org\/{rel}","templated":true}]}}