{"id":20805,"date":"2008-03-31T12:08:51","date_gmt":"2008-03-31T12:08:51","guid":{"rendered":"https:\/\/obscom.intervozes.org.br\/wordpress\/?p=20805"},"modified":"2008-03-31T12:08:51","modified_gmt":"2008-03-31T12:08:51","slug":"comissao-pro-conferencia-de-comunicacao-realiza-reuniao-com-presidentes-de-comissoes-da-camara","status":"publish","type":"post","link":"https:\/\/obscom.intervozes.org.br\/?p=20805","title":{"rendered":"Comiss\u00e3o Pr\u00f3-Confer\u00eancia de Comunica\u00e7\u00e3o realiza reuni\u00e3o com presidentes de comiss\u00f5es da C\u00e2mara"},"content":{"rendered":"<p><span>A Comiss&atilde;o Pr&oacute;-Confer&ecirc;ncia Nacional de Comunica&ccedil;&atilde;o realiza reuni&atilde;o nesta ter&ccedil;a-feira, 1&ordm; de abril, com os deputados que presidem as comiss&otilde;es da C&acirc;mara dos Deputados apoiadoras da confer&ecirc;ncia. <\/p>\n<p><\/span><span>Confirmaram participa&ccedil;&atilde;o os parlamentares presidentes da Comiss&atilde;o de Direitos Humanos, Pompeo de Mattos (PDT-RS), da Comiss&atilde;o de Ci&ecirc;ncia e Tecnologia, Walter Pinheiro (PT-BA), e da Comiss&atilde;o de Legisla&ccedil;&atilde;o Participativa, Ad&atilde;o Pretto (PT-RS).<\/p>\n<p><\/span><span>Na reuni&atilde;o, devem ser abordadas quest&otilde;es como a cobran&ccedil;a de um posicionamento do governo federal quanto &agrave; convoca&ccedil;&atilde;o da confer&ecirc;ncia, assim como o cronograma e mobiliza&ccedil;&atilde;o das organiza&ccedil;&otilde;es envolvidas na iniciativa.<\/span><span>&nbsp;<\/span><\/p>\n","protected":false},"excerpt":{"rendered":"<p>A Comiss&atilde;o Pr&oacute;-Confer&ecirc;ncia Nacional de Comunica&ccedil;&atilde;o realiza reuni&atilde;o nesta ter&ccedil;a-feira, 1&ordm; de abril, com os deputados que presidem as comiss&otilde;es da C&acirc;mara dos Deputados apoiadoras da confer&ecirc;ncia. Confirmaram participa&ccedil;&atilde;o os parlamentares presidentes da Comiss&atilde;o de Direitos Humanos, Pompeo de Mattos (PDT-RS), da Comiss&atilde;o de Ci&ecirc;ncia e Tecnologia, Walter Pinheiro (PT-BA), e da Comiss&atilde;o de Legisla&ccedil;&atilde;o &hellip; <a href=\"https:\/\/obscom.intervozes.org.br\/?p=20805\" class=\"more-link\">Continue lendo <span class=\"screen-reader-text\">Comiss\u00e3o Pr\u00f3-Confer\u00eancia de Comunica\u00e7\u00e3o realiza reuni\u00e3o com presidentes de comiss\u00f5es da C\u00e2mara<\/span> <span class=\"meta-nav\">&rarr;<\/span><\/a><\/p>\n","protected":false},"author":1,"featured_media":0,"comment_status":"open","ping_status":"open","sticky":false,"template":"","format":"standard","meta":{"footnotes":""},"categories":[39],"tags":[],"_links":{"self":[{"href":"https:\/\/obscom.intervozes.org.br\/index.php?rest_route=\/wp\/v2\/posts\/20805"}],"collection":[{"href":"https:\/\/obscom.intervozes.org.br\/index.php?rest_route=\/wp\/v2\/posts"}],"about":[{"href":"https:\/\/obscom.intervozes.org.br\/index.php?rest_route=\/wp\/v2\/types\/post"}],"author":[{"embeddable":true,"href":"https:\/\/obscom.intervozes.org.br\/index.php?rest_route=\/wp\/v2\/users\/1"}],"replies":[{"embeddable":true,"href":"https:\/\/obscom.intervozes.org.br\/index.php?rest_route=%2Fwp%2Fv2%2Fcomments&post=20805"}],"version-history":[{"count":0,"href":"https:\/\/obscom.intervozes.org.br\/index.php?rest_route=\/wp\/v2\/posts\/20805\/revisions"}],"wp:attachment":[{"href":"https:\/\/obscom.intervozes.org.br\/index.php?rest_route=%2Fwp%2Fv2%2Fmedia&parent=20805"}],"wp:term":[{"taxonomy":"category","embeddable":true,"href":"https:\/\/obscom.intervozes.org.br\/index.php?rest_route=%2Fwp%2Fv2%2Fcategories&post=20805"},{"taxonomy":"post_tag","embeddable":true,"href":"https:\/\/obscom.intervozes.org.br\/index.php?rest_route=%2Fwp%2Fv2%2Ftags&post=20805"}],"curies":[{"name":"wp","href":"https:\/\/api.w.org\/{rel}","templated":true}]}}