{"id":20803,"date":"2008-03-31T11:32:36","date_gmt":"2008-03-31T11:32:36","guid":{"rendered":"https:\/\/obscom.intervozes.org.br\/wordpress\/?p=20803"},"modified":"2008-03-31T11:32:36","modified_gmt":"2008-03-31T11:32:36","slug":"associacao-brasileira-de-radios-comunitarias-lanca-blog","status":"publish","type":"post","link":"https:\/\/obscom.intervozes.org.br\/?p=20803","title":{"rendered":"Associa\u00e7\u00e3o Brasileira de R\u00e1dios Comunit\u00e1rias lan\u00e7a blog"},"content":{"rendered":"<p><span>A Abra&ccedil;o &ndash; Associa&ccedil;&atilde;o Brasileira de R&aacute;dios Comunit&aacute;rias lan&ccedil;ou na &uacute;ltima semana um blog com informa&ccedil;&otilde;es sobre o tema da radiodifus&atilde;o comunit&aacute;ria e sobre as a&ccedil;&otilde;es do movimento. <\/p>\n<p>No blog, destinado a comunicadores populares, pesquisadores e interessados, constam artigos, mat&eacute;rias e outras contribui&ccedil;&otilde;es enviadas pelos dirigentes da associa&ccedil;&atilde;o, al&eacute;m de um clipping sobre os temas relacionados &agrave; radiodifus&atilde;o comunit&aacute;ria.<\/p>\n<p><\/span><span>O endere&ccedil;o do blog da Abra&ccedil;o &eacute; <a href=\"http:\/\/www.vicongressoabraco.blogspot.com\/\">http:\/\/www.vicongressoabraco.blogspot.com<\/a>.<\/span><\/p>\n","protected":false},"excerpt":{"rendered":"<p>A Abra&ccedil;o &ndash; Associa&ccedil;&atilde;o Brasileira de R&aacute;dios Comunit&aacute;rias lan&ccedil;ou na &uacute;ltima semana um blog com informa&ccedil;&otilde;es sobre o tema da radiodifus&atilde;o comunit&aacute;ria e sobre as a&ccedil;&otilde;es do movimento. No blog, destinado a comunicadores populares, pesquisadores e interessados, constam artigos, mat&eacute;rias e outras contribui&ccedil;&otilde;es enviadas pelos dirigentes da associa&ccedil;&atilde;o, al&eacute;m de um clipping sobre os temas &hellip; <a href=\"https:\/\/obscom.intervozes.org.br\/?p=20803\" class=\"more-link\">Continue lendo <span class=\"screen-reader-text\">Associa\u00e7\u00e3o Brasileira de R\u00e1dios Comunit\u00e1rias lan\u00e7a blog<\/span> <span class=\"meta-nav\">&rarr;<\/span><\/a><\/p>\n","protected":false},"author":1,"featured_media":0,"comment_status":"open","ping_status":"open","sticky":false,"template":"","format":"standard","meta":{"footnotes":""},"categories":[39],"tags":[],"_links":{"self":[{"href":"https:\/\/obscom.intervozes.org.br\/index.php?rest_route=\/wp\/v2\/posts\/20803"}],"collection":[{"href":"https:\/\/obscom.intervozes.org.br\/index.php?rest_route=\/wp\/v2\/posts"}],"about":[{"href":"https:\/\/obscom.intervozes.org.br\/index.php?rest_route=\/wp\/v2\/types\/post"}],"author":[{"embeddable":true,"href":"https:\/\/obscom.intervozes.org.br\/index.php?rest_route=\/wp\/v2\/users\/1"}],"replies":[{"embeddable":true,"href":"https:\/\/obscom.intervozes.org.br\/index.php?rest_route=%2Fwp%2Fv2%2Fcomments&post=20803"}],"version-history":[{"count":0,"href":"https:\/\/obscom.intervozes.org.br\/index.php?rest_route=\/wp\/v2\/posts\/20803\/revisions"}],"wp:attachment":[{"href":"https:\/\/obscom.intervozes.org.br\/index.php?rest_route=%2Fwp%2Fv2%2Fmedia&parent=20803"}],"wp:term":[{"taxonomy":"category","embeddable":true,"href":"https:\/\/obscom.intervozes.org.br\/index.php?rest_route=%2Fwp%2Fv2%2Fcategories&post=20803"},{"taxonomy":"post_tag","embeddable":true,"href":"https:\/\/obscom.intervozes.org.br\/index.php?rest_route=%2Fwp%2Fv2%2Ftags&post=20803"}],"curies":[{"name":"wp","href":"https:\/\/api.w.org\/{rel}","templated":true}]}}