{"id":20802,"date":"2008-03-31T11:23:52","date_gmt":"2008-03-31T11:23:52","guid":{"rendered":"https:\/\/obscom.intervozes.org.br\/wordpress\/?p=20802"},"modified":"2008-03-31T11:23:52","modified_gmt":"2008-03-31T11:23:52","slug":"ministerio-publico-define-prioridades-para-area-de-telefonia","status":"publish","type":"post","link":"https:\/\/obscom.intervozes.org.br\/?p=20802","title":{"rendered":"Minist\u00e9rio P\u00fablico define prioridades para \u00e1rea de telefonia"},"content":{"rendered":"<p>O Grupo de Trabalho (GT) de Telefonia da 3&ordf; C&acirc;mara de Coordena&ccedil;&atilde;o e Revis&atilde;o do Minist&eacute;rio P&uacute;blico Federal &ndash; coordenado pelo procurador da Rep&uacute;blica na Para&iacute;ba, Duciran Van Marsen Farena, cobrou da Ag&ecirc;ncia Nacional de Telecomunica&ccedil;&otilde;es (Anatel) encaminhamentos de quest&otilde;es suscitadas nos &uacute;ltimos encontros, assim como a defini&ccedil;&atilde;o das prioridades para 2008.<\/p>\n<p>Entre os temas escolhidos como priorit&aacute;rios est&atilde;o a implementa&ccedil;&atilde;o dos direitos dos usu&aacute;rios previstos nas Resolu&ccedil;&otilde;es n&deg; 426\/05 e 477\/07 da Anatel (regulamentos da telefonia fixa e m&oacute;vel, respectivamente), a fiscaliza&ccedil;&atilde;o dos call centers das operadoras, o cumprimento das determina&ccedil;&otilde;es das auditorias operacionais do Tribunal de Contas da Uni&atilde;o (TCU), que apontaram diversas falhas na atua&ccedil;&atilde;o da autarquia, a revis&atilde;o tarif&aacute;ria, e a revis&atilde;o dos Planos Geral de Outorga e de Metas de qualidade da telefonia fixa. <\/p>\n<p>Esses temas tamb&eacute;m foram objeto de reuni&atilde;o com a Anatel realizada na Procuradoria Geral da Rep&uacute;blica, em Bras&iacute;lia, no dia 26 de mar&ccedil;o. No tocante &agrave;s obriga&ccedil;&otilde;es relativas aos direitos dos usu&aacute;rios previstas para as operadoras pelos regulamentos da telefonia fixa (STFC) e m&oacute;vel (SMP), constatou-se, com base em dados preliminares de fiscaliza&ccedil;&otilde;es da Anatel, o descumprimento generalizado das previs&otilde;es regulamentares. <\/p>\n<p>Foram relatadas ainda &agrave; Ag&ecirc;ncia, dificuldades e diversos casos de entraves &agrave; fiscaliza&ccedil;&atilde;o por parte das operadoras. Com base nas discuss&otilde;es, o grupo expediu diversas recomenda&ccedil;&otilde;es &agrave; Anatel, prevendo a&ccedil;&otilde;es que aprimorem os servi&ccedil;os de fiscaliza&ccedil;&atilde;o e o conhecimento pelos consumidores de seus direitos. <\/p>\n<p>O grupo de trabalho expressou ainda sua preocupa&ccedil;&atilde;o com a possibilidade de altera&ccedil;&otilde;es no Plano Geral de Outorgas, que em tese poderiam autorizar a fus&atilde;o empresa Oi (Telemar)\/BRT, objeto de notici&aacute;rio na imprensa. Nesse sentido, decidiu-se pelo acompanhamento desta quest&atilde;o.<\/p>\n<p>O grupo ainda quer que a Anatel estreite a coopera&ccedil;&atilde;o com o Departamento Nacional de Defesa do Consumidor (DPDC), do Minist&eacute;rio da Justi&ccedil;a, a fim de que os dados de reclama&ccedil;&otilde;es constantes do Sistema Nacional de Defesa do Consumidor possam ser utilizados como &ldquo;gatilho de fiscaliza&ccedil;&atilde;o&rdquo; contra problemas que atinjam grande n&uacute;mero de consumidores. <\/p>\n<p>Estiveram presentes &agrave; reuni&atilde;o com a Anatel os procuradores, integrantes do GT, Waldir Alves e Jos&eacute; Osmar Pumes, do Rio Grande do Sul, e Mariane Oliveira, de Goi&aacute;s. A reuni&atilde;o contou ainda com a presen&ccedil;a do diretor do Departamento Nacional de Defesa do Consumidor, Ricardo Morishita.<\/p>\n<p>*Com informa&ccedil;&otilde;es da Assessoria do MPF<\/p>\n","protected":false},"excerpt":{"rendered":"<p>O Grupo de Trabalho (GT) de Telefonia da 3&ordf; C&acirc;mara de Coordena&ccedil;&atilde;o e Revis&atilde;o do Minist&eacute;rio P&uacute;blico Federal &ndash; coordenado pelo procurador da Rep&uacute;blica na Para&iacute;ba, Duciran Van Marsen Farena, cobrou da Ag&ecirc;ncia Nacional de Telecomunica&ccedil;&otilde;es (Anatel) encaminhamentos de quest&otilde;es suscitadas nos &uacute;ltimos encontros, assim como a defini&ccedil;&atilde;o das prioridades para 2008. Entre os temas &hellip; <a href=\"https:\/\/obscom.intervozes.org.br\/?p=20802\" class=\"more-link\">Continue lendo <span class=\"screen-reader-text\">Minist\u00e9rio P\u00fablico define prioridades para \u00e1rea de telefonia<\/span> <span class=\"meta-nav\">&rarr;<\/span><\/a><\/p>\n","protected":false},"author":1,"featured_media":0,"comment_status":"open","ping_status":"open","sticky":false,"template":"","format":"standard","meta":{"footnotes":""},"categories":[40],"tags":[81],"_links":{"self":[{"href":"https:\/\/obscom.intervozes.org.br\/index.php?rest_route=\/wp\/v2\/posts\/20802"}],"collection":[{"href":"https:\/\/obscom.intervozes.org.br\/index.php?rest_route=\/wp\/v2\/posts"}],"about":[{"href":"https:\/\/obscom.intervozes.org.br\/index.php?rest_route=\/wp\/v2\/types\/post"}],"author":[{"embeddable":true,"href":"https:\/\/obscom.intervozes.org.br\/index.php?rest_route=\/wp\/v2\/users\/1"}],"replies":[{"embeddable":true,"href":"https:\/\/obscom.intervozes.org.br\/index.php?rest_route=%2Fwp%2Fv2%2Fcomments&post=20802"}],"version-history":[{"count":0,"href":"https:\/\/obscom.intervozes.org.br\/index.php?rest_route=\/wp\/v2\/posts\/20802\/revisions"}],"wp:attachment":[{"href":"https:\/\/obscom.intervozes.org.br\/index.php?rest_route=%2Fwp%2Fv2%2Fmedia&parent=20802"}],"wp:term":[{"taxonomy":"category","embeddable":true,"href":"https:\/\/obscom.intervozes.org.br\/index.php?rest_route=%2Fwp%2Fv2%2Fcategories&post=20802"},{"taxonomy":"post_tag","embeddable":true,"href":"https:\/\/obscom.intervozes.org.br\/index.php?rest_route=%2Fwp%2Fv2%2Ftags&post=20802"}],"curies":[{"name":"wp","href":"https:\/\/api.w.org\/{rel}","templated":true}]}}