{"id":20799,"date":"2008-03-28T20:32:00","date_gmt":"2008-03-28T20:32:00","guid":{"rendered":"https:\/\/obscom.intervozes.org.br\/wordpress\/?p=20799"},"modified":"2008-03-28T20:32:00","modified_gmt":"2008-03-28T20:32:00","slug":"senadores-propoem-extincao-do-fust-e-do-funttel","status":"publish","type":"post","link":"https:\/\/obscom.intervozes.org.br\/?p=20799","title":{"rendered":"Senadores prop\u00f5em extin\u00e7\u00e3o do Fust e do Funttel"},"content":{"rendered":"<p style=\"margin: 0cm 0cm 0pt\" class=\"MsoNormal\"><span>Enquanto a C&acirc;mara dos Deputados analisa a proposta de revis&atilde;o no sistema tribut&aacute;rio nacional, o Senado Federal apresentou nessa quinta-feira, 27, uma outra vers&atilde;o para a reforma. No documento, produzido pela Subcomiss&atilde;o Tempor&aacute;ria da Reforma Tribut&aacute;ria, ligada &agrave; Comiss&atilde;o de Assuntos Econ&ocirc;micos do Senado (CAE), diversos tributos seriam extintos, com a cria&ccedil;&atilde;o de um &uacute;nico Imposto de Valor Agregado (IVA) Nacional. A id&eacute;ia alcan&ccedil;a dois grandes fundos das telecomunica&ccedil;&otilde;es, o Fust e o Funttel, que seriam extintos no processo de cria&ccedil;&atilde;o do IVA.<\/p>\n<p><\/span><span>O senador Francisco Dornelles (PP\/RN), autor do relat&oacute;rio preliminar apresentado pela subcomiss&atilde;o, prop&otilde;e que as contribui&ccedil;&otilde;es ao Fust e Funttel sejam extintas assim como outros tributos cobrados sobre o faturamento e a receita das empresas. &ldquo;O IVA Nacional incorporar&aacute; todo e qualquer tributo federal que hoje incide sobre o faturamento ou a receita das empresas, como &eacute; o caso das contribui&ccedil;&otilde;es econ&ocirc;micas, como as destinadas ao Fundo de Universaliza&ccedil;&atilde;o dos Servi&ccedil;os de Telecomunica&ccedil;&otilde;es (Fust) e ao Fundo para o Desenvolvimento Tecnol&oacute;gico das Telecomunica&ccedil;&otilde;es (Funttel), dentre outros.&rdquo; <\/p>\n<p>As informa&ccedil;&otilde;es s&atilde;o da Tela Viva News.<\/span><\/p>\n","protected":false},"excerpt":{"rendered":"<p>Enquanto a C&acirc;mara dos Deputados analisa a proposta de revis&atilde;o no sistema tribut&aacute;rio nacional, o Senado Federal apresentou nessa quinta-feira, 27, uma outra vers&atilde;o para a reforma. No documento, produzido pela Subcomiss&atilde;o Tempor&aacute;ria da Reforma Tribut&aacute;ria, ligada &agrave; Comiss&atilde;o de Assuntos Econ&ocirc;micos do Senado (CAE), diversos tributos seriam extintos, com a cria&ccedil;&atilde;o de um &uacute;nico &hellip; <a href=\"https:\/\/obscom.intervozes.org.br\/?p=20799\" class=\"more-link\">Continue lendo <span class=\"screen-reader-text\">Senadores prop\u00f5em extin\u00e7\u00e3o do Fust e do Funttel<\/span> <span class=\"meta-nav\">&rarr;<\/span><\/a><\/p>\n","protected":false},"author":1,"featured_media":0,"comment_status":"open","ping_status":"open","sticky":false,"template":"","format":"standard","meta":{"footnotes":""},"categories":[39],"tags":[],"_links":{"self":[{"href":"https:\/\/obscom.intervozes.org.br\/index.php?rest_route=\/wp\/v2\/posts\/20799"}],"collection":[{"href":"https:\/\/obscom.intervozes.org.br\/index.php?rest_route=\/wp\/v2\/posts"}],"about":[{"href":"https:\/\/obscom.intervozes.org.br\/index.php?rest_route=\/wp\/v2\/types\/post"}],"author":[{"embeddable":true,"href":"https:\/\/obscom.intervozes.org.br\/index.php?rest_route=\/wp\/v2\/users\/1"}],"replies":[{"embeddable":true,"href":"https:\/\/obscom.intervozes.org.br\/index.php?rest_route=%2Fwp%2Fv2%2Fcomments&post=20799"}],"version-history":[{"count":0,"href":"https:\/\/obscom.intervozes.org.br\/index.php?rest_route=\/wp\/v2\/posts\/20799\/revisions"}],"wp:attachment":[{"href":"https:\/\/obscom.intervozes.org.br\/index.php?rest_route=%2Fwp%2Fv2%2Fmedia&parent=20799"}],"wp:term":[{"taxonomy":"category","embeddable":true,"href":"https:\/\/obscom.intervozes.org.br\/index.php?rest_route=%2Fwp%2Fv2%2Fcategories&post=20799"},{"taxonomy":"post_tag","embeddable":true,"href":"https:\/\/obscom.intervozes.org.br\/index.php?rest_route=%2Fwp%2Fv2%2Ftags&post=20799"}],"curies":[{"name":"wp","href":"https:\/\/api.w.org\/{rel}","templated":true}]}}