{"id":20796,"date":"2008-03-28T14:20:12","date_gmt":"2008-03-28T14:20:12","guid":{"rendered":"https:\/\/obscom.intervozes.org.br\/wordpress\/?p=20796"},"modified":"2008-03-28T14:20:12","modified_gmt":"2008-03-28T14:20:12","slug":"cctci-da-camara-cria-subcomissao-para-avaliar-fusao-de-teles","status":"publish","type":"post","link":"https:\/\/obscom.intervozes.org.br\/?p=20796","title":{"rendered":"CCTCI da C\u00e2mara cria subcomiss\u00e3o para avaliar fus\u00e3o de teles"},"content":{"rendered":"<p>A Comiss&atilde;o de Ci&ecirc;ncia e Tecnologia da C&acirc;mara dos Deputado decidiu investigar a fus&atilde;o entre a Oi e a Brasil Telecom (BrT). Na pr&oacute;xima quarta-feira, ser&aacute; instalada a subcomiss&atilde;o de Comunica&ccedil;&atilde;o do colegiado, que ter&aacute; como primeira miss&atilde;o a an&aacute;lise da uni&atilde;o das duas empresas de telefonia. O objetivo tamb&eacute;m ser&aacute; passar uma lupa sobre eventuais altera&ccedil;&otilde;es no Plano Geral de Outorgas (PGO). <\/p>\n<p>O pedido para que a fus&atilde;o seja analisada partiu do deputado Nelson Proen&ccedil;a (PPS-RS). &quot;O governo lidera um processo de concentra&ccedil;&atilde;o brutal a pretexto de fazer uma grande companhia brasileira. N&atilde;o tenho nada contra isso, mas precisamos olhar o interesse do consumidor&quot;, diz o parlamentar. <\/p>\n<p>O presidente da comiss&atilde;o, deputado Walter Pinheiro (PT-BA), concorda. &quot;Temos de analisar como v&atilde;o ficar as outorgas. Em que base ser&aacute; permitida a fus&atilde;o. Acho que temos de pensar em estabelecer condi&ccedil;&otilde;es e metas a serem cumpridas depois da fus&atilde;o&quot;, diz. <\/p>\n<p>Proen&ccedil;a j&aacute; era deputado quando da discuss&atilde;o do PGO, criado ap&oacute;s a privatiza&ccedil;&atilde;o da Telebr&aacute;s. &quot;A id&eacute;ia era dividir o pa&iacute;s para n&atilde;o haver grande concentra&ccedil;&atilde;o. Diz&iacute;amos que n&atilde;o poder&iacute;amos sair do monop&oacute;lio p&uacute;blico e migrar para o monop&oacute;lio privado. E &eacute; o que est&aacute; acontecendo.&quot; <\/p>\n<p>Duas audi&ecirc;ncias p&uacute;blicas ser&atilde;o realizadas em maio. Na ocasi&atilde;o, ser&atilde;o convocados representantes das duas empresas, do governo federal e da Ag&ecirc;ncia Nacional de Telecomunica&ccedil;&otilde;es (Anatel), al&eacute;m de especialistas do setor. <\/p>\n<p>Proen&ccedil;a teme que a concentra&ccedil;&atilde;o aumente ainda mais as falhas de atendimento do sistema. &quot;Ainda n&atilde;o vi ningu&eacute;m falar do usu&aacute;rio. N&atilde;o podemos deixar de lembrar que as companhias telef&ocirc;nicas s&atilde;o as l&iacute;deres de reclama&ccedil;&atilde;o nos &oacute;rg&atilde;os de defesa do consumidor.&quot; <br \/>Al&eacute;m das audi&ecirc;ncias p&uacute;blicas, Pinheiro quer acompanhar todos os passos da fus&atilde;o. Como as altera&ccedil;&otilde;es do PGO n&atilde;o devem passar pelo Congresso, o deputado pretende fazer com que a C&acirc;mara e o Senado sejam ouvidos. &quot;Precisamos participar. Hoje, por quest&otilde;es estruturais, a Anatel atende as demandas muito mais com o olhar econ&ocirc;mico e empresarial. Temos de trazer esse debate para dentro do Congresso.&quot;<\/p>\n<p>A oferta da Oi pela compra da BrT foi feita em janeiro. A empresa acenou com a possibilidade de pagar R$ 4,8 bilh&otilde;es pela compra dos ativos da Solpart, holding controladora da BrT formada por fundos de pens&atilde;o, Citigroup e Opportunity. <\/p>\n","protected":false},"excerpt":{"rendered":"<p>A Comiss&atilde;o de Ci&ecirc;ncia e Tecnologia da C&acirc;mara dos Deputado decidiu investigar a fus&atilde;o entre a Oi e a Brasil Telecom (BrT). Na pr&oacute;xima quarta-feira, ser&aacute; instalada a subcomiss&atilde;o de Comunica&ccedil;&atilde;o do colegiado, que ter&aacute; como primeira miss&atilde;o a an&aacute;lise da uni&atilde;o das duas empresas de telefonia. O objetivo tamb&eacute;m ser&aacute; passar uma lupa sobre &hellip; <a href=\"https:\/\/obscom.intervozes.org.br\/?p=20796\" class=\"more-link\">Continue lendo <span class=\"screen-reader-text\">CCTCI da C\u00e2mara cria subcomiss\u00e3o para avaliar fus\u00e3o de teles<\/span> <span class=\"meta-nav\">&rarr;<\/span><\/a><\/p>\n","protected":false},"author":1,"featured_media":0,"comment_status":"open","ping_status":"open","sticky":false,"template":"","format":"standard","meta":{"footnotes":""},"categories":[40],"tags":[631],"_links":{"self":[{"href":"https:\/\/obscom.intervozes.org.br\/index.php?rest_route=\/wp\/v2\/posts\/20796"}],"collection":[{"href":"https:\/\/obscom.intervozes.org.br\/index.php?rest_route=\/wp\/v2\/posts"}],"about":[{"href":"https:\/\/obscom.intervozes.org.br\/index.php?rest_route=\/wp\/v2\/types\/post"}],"author":[{"embeddable":true,"href":"https:\/\/obscom.intervozes.org.br\/index.php?rest_route=\/wp\/v2\/users\/1"}],"replies":[{"embeddable":true,"href":"https:\/\/obscom.intervozes.org.br\/index.php?rest_route=%2Fwp%2Fv2%2Fcomments&post=20796"}],"version-history":[{"count":0,"href":"https:\/\/obscom.intervozes.org.br\/index.php?rest_route=\/wp\/v2\/posts\/20796\/revisions"}],"wp:attachment":[{"href":"https:\/\/obscom.intervozes.org.br\/index.php?rest_route=%2Fwp%2Fv2%2Fmedia&parent=20796"}],"wp:term":[{"taxonomy":"category","embeddable":true,"href":"https:\/\/obscom.intervozes.org.br\/index.php?rest_route=%2Fwp%2Fv2%2Fcategories&post=20796"},{"taxonomy":"post_tag","embeddable":true,"href":"https:\/\/obscom.intervozes.org.br\/index.php?rest_route=%2Fwp%2Fv2%2Ftags&post=20796"}],"curies":[{"name":"wp","href":"https:\/\/api.w.org\/{rel}","templated":true}]}}