{"id":20794,"date":"2008-03-28T11:49:58","date_gmt":"2008-03-28T11:49:58","guid":{"rendered":"https:\/\/obscom.intervozes.org.br\/wordpress\/?p=20794"},"modified":"2008-03-28T11:49:58","modified_gmt":"2008-03-28T11:49:58","slug":"conselho-curador-da-ebc-reune-se-pela-segunda-vez-na-proxima-terca-feira","status":"publish","type":"post","link":"https:\/\/obscom.intervozes.org.br\/?p=20794","title":{"rendered":"Conselho Curador da EBC re\u00fane-se pela segunda vez na pr\u00f3xima ter\u00e7a-feira"},"content":{"rendered":"<p><span>A segunda reuni&atilde;o do conselho curador da Empresa Brasil de Comunica&ccedil;&atilde;o (EBC) acontecer&aacute; na pr&oacute;xima ter&ccedil;a-feira (01\/04), em Bras&iacute;lia. No encontro, diretores da EBC (Orlando Senna, Leopoldo Nunes,&nbsp;Helena Chagas e M&aacute;rio Borgneth)&nbsp;apresentar&atilde;o os planos da empresa para o bi&ecirc;nio 2008\/2009.<\/p>\n<p><\/span><span>&Eacute; esperada a presen&ccedil;a de todos os conselheiros. Alguns deles n&atilde;o participaram nem da posse, em dezembro, nem da reuni&atilde;o passada, em janeiro.<\/span><\/p>\n","protected":false},"excerpt":{"rendered":"<p>A segunda reuni&atilde;o do conselho curador da Empresa Brasil de Comunica&ccedil;&atilde;o (EBC) acontecer&aacute; na pr&oacute;xima ter&ccedil;a-feira (01\/04), em Bras&iacute;lia. No encontro, diretores da EBC (Orlando Senna, Leopoldo Nunes,&nbsp;Helena Chagas e M&aacute;rio Borgneth)&nbsp;apresentar&atilde;o os planos da empresa para o bi&ecirc;nio 2008\/2009. &Eacute; esperada a presen&ccedil;a de todos os conselheiros. Alguns deles n&atilde;o participaram nem da posse, &hellip; <a href=\"https:\/\/obscom.intervozes.org.br\/?p=20794\" class=\"more-link\">Continue lendo <span class=\"screen-reader-text\">Conselho Curador da EBC re\u00fane-se pela segunda vez na pr\u00f3xima ter\u00e7a-feira<\/span> <span class=\"meta-nav\">&rarr;<\/span><\/a><\/p>\n","protected":false},"author":1,"featured_media":0,"comment_status":"open","ping_status":"open","sticky":false,"template":"","format":"standard","meta":{"footnotes":""},"categories":[39],"tags":[],"_links":{"self":[{"href":"https:\/\/obscom.intervozes.org.br\/index.php?rest_route=\/wp\/v2\/posts\/20794"}],"collection":[{"href":"https:\/\/obscom.intervozes.org.br\/index.php?rest_route=\/wp\/v2\/posts"}],"about":[{"href":"https:\/\/obscom.intervozes.org.br\/index.php?rest_route=\/wp\/v2\/types\/post"}],"author":[{"embeddable":true,"href":"https:\/\/obscom.intervozes.org.br\/index.php?rest_route=\/wp\/v2\/users\/1"}],"replies":[{"embeddable":true,"href":"https:\/\/obscom.intervozes.org.br\/index.php?rest_route=%2Fwp%2Fv2%2Fcomments&post=20794"}],"version-history":[{"count":0,"href":"https:\/\/obscom.intervozes.org.br\/index.php?rest_route=\/wp\/v2\/posts\/20794\/revisions"}],"wp:attachment":[{"href":"https:\/\/obscom.intervozes.org.br\/index.php?rest_route=%2Fwp%2Fv2%2Fmedia&parent=20794"}],"wp:term":[{"taxonomy":"category","embeddable":true,"href":"https:\/\/obscom.intervozes.org.br\/index.php?rest_route=%2Fwp%2Fv2%2Fcategories&post=20794"},{"taxonomy":"post_tag","embeddable":true,"href":"https:\/\/obscom.intervozes.org.br\/index.php?rest_route=%2Fwp%2Fv2%2Ftags&post=20794"}],"curies":[{"name":"wp","href":"https:\/\/api.w.org\/{rel}","templated":true}]}}