{"id":20790,"date":"2008-03-27T17:32:54","date_gmt":"2008-03-27T17:32:54","guid":{"rendered":"https:\/\/obscom.intervozes.org.br\/wordpress\/?p=20790"},"modified":"2014-09-07T02:55:13","modified_gmt":"2014-09-07T02:55:13","slug":"entidades-pressionam-governo-a-agilizar-legalizacao-em-sp","status":"publish","type":"post","link":"https:\/\/obscom.intervozes.org.br\/?p=20790","title":{"rendered":"Entidades pressionam governo a agilizar legaliza\u00e7\u00e3o em SP"},"content":{"rendered":"<p>A repentina legaliza&ccedil;&atilde;o da R&aacute;dio Heli&oacute;polis, que se tornou a primeira r&aacute;dio comunit&aacute;ria oficialmente autorizada em S&atilde;o Paulo, ser&aacute; usada como mote para a retomada das press&otilde;es sobre o Minist&eacute;rio das Comunica&ccedil;&otilde;es e a Ag&ecirc;ncia Nacional de Telecomunica&ccedil;&otilde;es (Anatel) pela regulariza&ccedil;&atilde;o de mais emissoras na capital paulista.<\/p>\n<p>Entidades historicamente ligadas ao movimento das comunit&aacute;rias querem que o governo esclare&ccedil;a a situa&ccedil;&atilde;o atual dos processos j&aacute; em andamento de outras organiza&ccedil;&otilde;es, que pleiteiam a mesma autoriza&ccedil;&atilde;o conseguida pela Heli&oacute;polis, assim como os crit&eacute;rios usados nas avalia&ccedil;&otilde;es dos dois &oacute;rg&atilde;os.<\/p>\n<p>Na &uacute;ltima segunda-feira, um grupo formado por parte destas organiza&ccedil;&otilde;es e entidades de apoio se reuniu em mesa de trabalho do&nbsp;Escrit&oacute;rio Paulista da Amarc (Associa&ccedil;&atilde;o Mundial de R&aacute;dios Comunit&aacute;rias) e&nbsp;delineou algumas a&ccedil;&otilde;es conjuntas para pressionar o minist&eacute;rio e a Anatel. Uma delas &eacute; a realiza&ccedil;&atilde;o de um ato pol&iacute;tico que reivindicar&aacute; transpar&ecirc;ncia e agilidade nos processos de autoriza&ccedil;&atilde;o de r&aacute;dios comunit&aacute;rias na capital paulista. Outra, dar entrada em pedidos formais para que ambos os &oacute;rg&atilde;os tornem p&uacute;blica a situa&ccedil;&atilde;o desses processos. Participaram da reuni&atilde;o o Escrit&oacute;rio Modelo Dom Paulo Evaristo Arns, da PUC-SP, ABRA&Ccedil;O-SP, Associa&ccedil;&atilde;o Cantareira, Projeto Cala-Boca J&aacute; Morreu, Intervozes &ndash; Coletivo Brasil de Comunica&ccedil;&atilde;o Social e a Obor&eacute; Projetos Especiais em Comunica&ccedil;&atilde;o.<\/p>\n<p>Segundo noticiou este Observat&oacute;rio [<a href=\"http:\/\/localhost\/intervozes_direitoacomunicacao\/wordpress\/?p=20689\">veja aqui<\/a>], a autoriza&ccedil;&atilde;o do Minicom &agrave; Heli&oacute;polis foi motivada pela visita do jogador de futebol Zidane e a possibilidade da passagem do presidente Lu&iacute;s In&aacute;cio Lula da Silva pela comunidade. A visita do craque franc&ecirc;s aconteceu no dia 16 de mar&ccedil;o. A publica&ccedil;&atilde;o do ato do minist&eacute;rio no Di&aacute;rio Oficial da Uni&atilde;o, no dia 13.<\/p>\n<p>Planejando uma festa para comemorar a outorga, o coordenador de comunica&ccedil;&atilde;o da Uni&atilde;o de N&uacute;cleos, Associa&ccedil;&otilde;es e Sociedade de Moradores de Heli&oacute;polis e S&atilde;o Jo&atilde;o Cl&iacute;maco (Unas), Geronino Barbosa, afirmou &agrave;s entidades reunidas na &uacute;ltima segunda-feira que a r&aacute;dio seguir&aacute; participando das a&ccedil;&otilde;es pela regulariza&ccedil;&atilde;o das demais emissoras. &ldquo;Muitas r&aacute;dios tem tanta import&acirc;ncia para a comunidade como a R&aacute;dio Heli&oacute;polis e ainda aguardam autoriza&ccedil;&atilde;o. Nossa luta &eacute; coletiva, &eacute; pelo segmento de r&aacute;dios comunit&aacute;rias&rdquo;, completa Barbosa. <\/p>\n<p>A pr&oacute;pria comemora&ccedil;&atilde;o em Heli&oacute;polis dever&aacute; ser transformada no ato em defesa das r&aacute;dios comunit&aacute;rias paulistanas. A data prevista &eacute;&nbsp;10 de maio.<\/p>\n<p><strong>Processo complicado<\/p>\n<p><\/strong>A Unas estava entre as 117 organiza&ccedil;&otilde;es comunit&aacute;rias consideradas aptas pelo Minist&eacute;rio das Comunica&ccedil;&otilde;es para receberem concess&atilde;o de r&aacute;dio dentro de aproximadamente 36 &aacute;reas de execu&ccedil;&atilde;o. Um dos problemas mais graves a ser solucionado nos processos de regulariza&ccedil;&atilde;o &eacute; que, em teoria, apenas uma emissora pode operar em cada uma destas &aacute;reas. O minist&eacute;rio, no entanto, ainda n&atilde;o divulgou quais das 117 organiza&ccedil;&otilde;es aptas t&ecirc;m de fato chances de receber a autoriza&ccedil;&atilde;o. Ou seja, al&eacute;m de todos os requisitos legais, ainda &eacute; preciso superar a morosidade governamental em solucionar os impasses que s&atilde;o, aparentemente, t&eacute;cnicos.<\/p>\n<p>Segundo a coordenadora de Radiodifus&atilde;o Comunit&aacute;ria do Minist&eacute;rio das Comunica&ccedil;&otilde;es, Alexandra Costa, a demora deve-se justamente aos laudos t&eacute;cnicos enviados pelas entidades. Das aproximadamente 36 &aacute;reas de execu&ccedil;&atilde;o, apenas duas est&atilde;o com problemas jur&iacute;dicos. &ldquo;A grande maioria cont&eacute;m algum erro nas especifica&ccedil;&otilde;es t&eacute;cnicas. Ou &eacute; a categoria do transmissor, ou a planilha inicial, ou as coordenadas geogr&aacute;ficas, etc&rdquo;, explica Costa. No caso da Heli&oacute;polis, o governo federal solicitou que a entidade apressasse a finaliza&ccedil;&atilde;o de um laudo t&eacute;cnico, que desse conta das exig&ecirc;ncias processuais.<\/p>\n<p>A aus&ecirc;ncia de informa&ccedil;&otilde;es claras sobre o processo foi justamente o que motivou a deputada Luiza Erundina (PSB-SP) a apresentar um pedido de informa&ccedil;&otilde;es ao Minist&eacute;rio das Comunica&ccedil;&otilde;es em que solicita esclarecimentos sobre o andamento dos processos e a defini&ccedil;&atilde;o dos crit&eacute;rios que decidir&atilde;o quais organiza&ccedil;&otilde;es receber&atilde;o as autoriza&ccedil;&otilde;es. A expectativa &eacute; que a resposta a esse pedido de informa&ccedil;&otilde;es possa ser apresentada no ato do dia&nbsp;10 de maio.<\/p>\n","protected":false},"excerpt":{"rendered":"<p>Autoriza\u00e7\u00e3o concedida \u00e0 R\u00e1dio Heli\u00f3polis leva organiza\u00e7\u00f5es a cobrar transpar\u00eancia e celeridade do Minist\u00e9rio das Comunica\u00e7\u00f5es e da Anatel na aprecia\u00e7\u00e3o dos pedidos de outras 116 emissoras na capital paulista.<\/p>\n","protected":false},"author":1,"featured_media":0,"comment_status":"open","ping_status":"open","sticky":false,"template":"","format":"standard","meta":{"footnotes":""},"categories":[40],"tags":[155],"_links":{"self":[{"href":"https:\/\/obscom.intervozes.org.br\/index.php?rest_route=\/wp\/v2\/posts\/20790"}],"collection":[{"href":"https:\/\/obscom.intervozes.org.br\/index.php?rest_route=\/wp\/v2\/posts"}],"about":[{"href":"https:\/\/obscom.intervozes.org.br\/index.php?rest_route=\/wp\/v2\/types\/post"}],"author":[{"embeddable":true,"href":"https:\/\/obscom.intervozes.org.br\/index.php?rest_route=\/wp\/v2\/users\/1"}],"replies":[{"embeddable":true,"href":"https:\/\/obscom.intervozes.org.br\/index.php?rest_route=%2Fwp%2Fv2%2Fcomments&post=20790"}],"version-history":[{"count":1,"href":"https:\/\/obscom.intervozes.org.br\/index.php?rest_route=\/wp\/v2\/posts\/20790\/revisions"}],"predecessor-version":[{"id":27824,"href":"https:\/\/obscom.intervozes.org.br\/index.php?rest_route=\/wp\/v2\/posts\/20790\/revisions\/27824"}],"wp:attachment":[{"href":"https:\/\/obscom.intervozes.org.br\/index.php?rest_route=%2Fwp%2Fv2%2Fmedia&parent=20790"}],"wp:term":[{"taxonomy":"category","embeddable":true,"href":"https:\/\/obscom.intervozes.org.br\/index.php?rest_route=%2Fwp%2Fv2%2Fcategories&post=20790"},{"taxonomy":"post_tag","embeddable":true,"href":"https:\/\/obscom.intervozes.org.br\/index.php?rest_route=%2Fwp%2Fv2%2Ftags&post=20790"}],"curies":[{"name":"wp","href":"https:\/\/api.w.org\/{rel}","templated":true}]}}