{"id":20782,"date":"2008-03-27T15:46:43","date_gmt":"2008-03-27T15:46:43","guid":{"rendered":"https:\/\/obscom.intervozes.org.br\/wordpress\/?p=20782"},"modified":"2008-03-27T15:46:43","modified_gmt":"2008-03-27T15:46:43","slug":"ong-promove-curso-sobre-comunicacao-comunitaria-em-sao-paulo","status":"publish","type":"post","link":"https:\/\/obscom.intervozes.org.br\/?p=20782","title":{"rendered":"ONG promove curso sobre comunica\u00e7\u00e3o comunit\u00e1ria em S\u00e3o Paulo"},"content":{"rendered":"<p>A organiza&ccedil;&atilde;o n&atilde;o-governamental Gens &ndash; Servi&ccedil;os Educacionais, com apoio do projeto Cala-boca j&aacute; morreu, realiza a partir do pr&oacute;ximo dia 29 de mar&ccedil;o mais uma edi&ccedil;&atilde;o do seu Curso de Forma&ccedil;&atilde;o em Comunica&ccedil;&atilde;o Comunit&aacute;ria. Um dos objetivos do curso &eacute; ajudar os comunicadores a pensar a utiliza&ccedil;&atilde;o de instrumentos tecnol&oacute;gicos enquanto ferramentas de elabora&ccedil;&atilde;o, produ&ccedil;&atilde;o, realiza&ccedil;&atilde;o e publica&ccedil;&atilde;o de pe&ccedil;as de comunica&ccedil;&atilde;o de maneira cr&iacute;tica.<\/p>\n<p>Entre os temas a serem abordados est&atilde;o comunica&ccedil;&atilde;o e cultura no &acirc;mbito da Am&eacute;rica Latina, os aspectos legais da radiodifus&atilde;o comunit&aacute;ria, economia solid&aacute;ria e comunica&ccedil;&atilde;o, redes sociais e outros aspectos de interesse para a democratiza&ccedil;&atilde;o da comunica&ccedil;&atilde;o, discutidos por especialistas e ativistas da &aacute;rea.<\/p>\n<p>O curso acontece na Incubadora Tecnol&oacute;gica de Cooperativas Populares da USP. Para mais informa&ccedil;&otilde;es, entrar em contato pelo e-mail <a href=\"mailto:comcom@portalgens.com.br\">comcom@portalgens.com.br<\/a> ou pelo telefone (11) 3714 8158 ou 9569 1000.<\/p>\n","protected":false},"excerpt":{"rendered":"<p>A organiza&ccedil;&atilde;o n&atilde;o-governamental Gens &ndash; Servi&ccedil;os Educacionais, com apoio do projeto Cala-boca j&aacute; morreu, realiza a partir do pr&oacute;ximo dia 29 de mar&ccedil;o mais uma edi&ccedil;&atilde;o do seu Curso de Forma&ccedil;&atilde;o em Comunica&ccedil;&atilde;o Comunit&aacute;ria. Um dos objetivos do curso &eacute; ajudar os comunicadores a pensar a utiliza&ccedil;&atilde;o de instrumentos tecnol&oacute;gicos enquanto ferramentas de elabora&ccedil;&atilde;o, produ&ccedil;&atilde;o, &hellip; <a href=\"https:\/\/obscom.intervozes.org.br\/?p=20782\" class=\"more-link\">Continue lendo <span class=\"screen-reader-text\">ONG promove curso sobre comunica\u00e7\u00e3o comunit\u00e1ria em S\u00e3o Paulo<\/span> <span class=\"meta-nav\">&rarr;<\/span><\/a><\/p>\n","protected":false},"author":1,"featured_media":0,"comment_status":"open","ping_status":"open","sticky":false,"template":"","format":"standard","meta":{"footnotes":""},"categories":[39],"tags":[],"_links":{"self":[{"href":"https:\/\/obscom.intervozes.org.br\/index.php?rest_route=\/wp\/v2\/posts\/20782"}],"collection":[{"href":"https:\/\/obscom.intervozes.org.br\/index.php?rest_route=\/wp\/v2\/posts"}],"about":[{"href":"https:\/\/obscom.intervozes.org.br\/index.php?rest_route=\/wp\/v2\/types\/post"}],"author":[{"embeddable":true,"href":"https:\/\/obscom.intervozes.org.br\/index.php?rest_route=\/wp\/v2\/users\/1"}],"replies":[{"embeddable":true,"href":"https:\/\/obscom.intervozes.org.br\/index.php?rest_route=%2Fwp%2Fv2%2Fcomments&post=20782"}],"version-history":[{"count":0,"href":"https:\/\/obscom.intervozes.org.br\/index.php?rest_route=\/wp\/v2\/posts\/20782\/revisions"}],"wp:attachment":[{"href":"https:\/\/obscom.intervozes.org.br\/index.php?rest_route=%2Fwp%2Fv2%2Fmedia&parent=20782"}],"wp:term":[{"taxonomy":"category","embeddable":true,"href":"https:\/\/obscom.intervozes.org.br\/index.php?rest_route=%2Fwp%2Fv2%2Fcategories&post=20782"},{"taxonomy":"post_tag","embeddable":true,"href":"https:\/\/obscom.intervozes.org.br\/index.php?rest_route=%2Fwp%2Fv2%2Ftags&post=20782"}],"curies":[{"name":"wp","href":"https:\/\/api.w.org\/{rel}","templated":true}]}}