{"id":20781,"date":"2008-03-27T13:27:23","date_gmt":"2008-03-27T13:27:23","guid":{"rendered":"https:\/\/obscom.intervozes.org.br\/wordpress\/?p=20781"},"modified":"2008-03-27T13:27:23","modified_gmt":"2008-03-27T13:27:23","slug":"forum-midia-livre-promove-encontros-regionais-confira-o-calendario","status":"publish","type":"post","link":"https:\/\/obscom.intervozes.org.br\/?p=20781","title":{"rendered":"F\u00f3rum M\u00eddia Livre promove encontros regionais; confira o calend\u00e1rio"},"content":{"rendered":"<p>O F&oacute;rum M&iacute;dia Livre, movimento iniciado no dia 8 de mar&ccedil;o em S&atilde;o Paulo por representantes de diversos ve&iacute;culos de comunica&ccedil;&atilde;o chamados de &#39;alternativos&#39;, d&aacute; continuidade ao calend&aacute;rio de encontros para discutir a situa&ccedil;&atilde;o da comunica&ccedil;&atilde;o no Brasil e formular estrat&eacute;gias de interven&ccedil;&atilde;o para democratizar a produ&ccedil;&atilde;o e difus&atilde;o de informa&ccedil;&atilde;o no pa&iacute;s.&nbsp; A iniciativa da realiza&ccedil;&atilde;o das reuni&otilde;es &eacute; da Ag&ecirc;ncia Carta Maior.<\/p>\n<p>Al&eacute;m das reuni&otilde;es&nbsp;promovidas em S&atilde;o Paulo e em Porto Alegre (que ocorreu no dia 20 de mar&ccedil;o), ser&atilde;o realizados outros encontros regionais para preparar o 1&ordm; F&oacute;rum M&iacute;dia Livre, que deve acontecer em maio, no Rio de Janeiro.<\/p>\n<p>At&eacute; l&aacute;,&nbsp;v&atilde;o acontecer reuni&otilde;es regionais com a mesma perspectiva. Confira o calend&aacute;rio:<\/p>\n<p>&#8211; 04 de abril no <strong>Rio de Janeiro<\/strong>, na Associa&ccedil;&atilde;o Brasileira de Imprensa (ABI)<br \/>&#8211; 07 de abril em <strong>Bel&eacute;m<\/strong>, na Universidade Federal do Par&aacute;<br \/>&#8211; 08 de abril em <strong>Fortaleza<\/strong>, na Universidade Federal do Cear&aacute;<br \/>&#8211; 09 de abril em <strong>Recife<\/strong>, na Universidade Cat&oacute;lica de Pernambuco<br \/>&#8211; 10 de abril em <strong>Aracaju<\/strong>, em local ainda a ser definido<br \/>&#8211; 11 de abril em <strong>Salvador<\/strong>, na Universidade Federal da Bahia<\/p>\n<p>Para&nbsp;mais informa&ccedil;&otilde;es&nbsp;escreva para <a href=\"mailto:redacao@cartamaior.com.br\">redacao@cartamaior.com.br<\/a>&nbsp;.<\/p>\n","protected":false},"excerpt":{"rendered":"<p>O F&oacute;rum M&iacute;dia Livre, movimento iniciado no dia 8 de mar&ccedil;o em S&atilde;o Paulo por representantes de diversos ve&iacute;culos de comunica&ccedil;&atilde;o chamados de &#39;alternativos&#39;, d&aacute; continuidade ao calend&aacute;rio de encontros para discutir a situa&ccedil;&atilde;o da comunica&ccedil;&atilde;o no Brasil e formular estrat&eacute;gias de interven&ccedil;&atilde;o para democratizar a produ&ccedil;&atilde;o e difus&atilde;o de informa&ccedil;&atilde;o no pa&iacute;s.&nbsp; A iniciativa &hellip; <a href=\"https:\/\/obscom.intervozes.org.br\/?p=20781\" class=\"more-link\">Continue lendo <span class=\"screen-reader-text\">F\u00f3rum M\u00eddia Livre promove encontros regionais; confira o calend\u00e1rio<\/span> <span class=\"meta-nav\">&rarr;<\/span><\/a><\/p>\n","protected":false},"author":1,"featured_media":0,"comment_status":"open","ping_status":"open","sticky":false,"template":"","format":"standard","meta":{"footnotes":""},"categories":[39],"tags":[],"_links":{"self":[{"href":"https:\/\/obscom.intervozes.org.br\/index.php?rest_route=\/wp\/v2\/posts\/20781"}],"collection":[{"href":"https:\/\/obscom.intervozes.org.br\/index.php?rest_route=\/wp\/v2\/posts"}],"about":[{"href":"https:\/\/obscom.intervozes.org.br\/index.php?rest_route=\/wp\/v2\/types\/post"}],"author":[{"embeddable":true,"href":"https:\/\/obscom.intervozes.org.br\/index.php?rest_route=\/wp\/v2\/users\/1"}],"replies":[{"embeddable":true,"href":"https:\/\/obscom.intervozes.org.br\/index.php?rest_route=%2Fwp%2Fv2%2Fcomments&post=20781"}],"version-history":[{"count":0,"href":"https:\/\/obscom.intervozes.org.br\/index.php?rest_route=\/wp\/v2\/posts\/20781\/revisions"}],"wp:attachment":[{"href":"https:\/\/obscom.intervozes.org.br\/index.php?rest_route=%2Fwp%2Fv2%2Fmedia&parent=20781"}],"wp:term":[{"taxonomy":"category","embeddable":true,"href":"https:\/\/obscom.intervozes.org.br\/index.php?rest_route=%2Fwp%2Fv2%2Fcategories&post=20781"},{"taxonomy":"post_tag","embeddable":true,"href":"https:\/\/obscom.intervozes.org.br\/index.php?rest_route=%2Fwp%2Fv2%2Ftags&post=20781"}],"curies":[{"name":"wp","href":"https:\/\/api.w.org\/{rel}","templated":true}]}}