{"id":20777,"date":"2008-03-27T11:17:14","date_gmt":"2008-03-27T11:17:14","guid":{"rendered":"https:\/\/obscom.intervozes.org.br\/wordpress\/?p=20777"},"modified":"2008-03-27T11:17:14","modified_gmt":"2008-03-27T11:17:14","slug":"tv-camara-fara-multiprogramacao-e-busca-novos-conteudos","status":"publish","type":"post","link":"https:\/\/obscom.intervozes.org.br\/?p=20777","title":{"rendered":"TV C\u00e2mara far\u00e1 multiprograma\u00e7\u00e3o e busca novos conte\u00fados"},"content":{"rendered":"<p>A TV C&acirc;mara, canal do poder Legislativo Federal, aproveitar&aacute; a capacidade da transmiss&atilde;o digital terrestre para criar m&uacute;ltiplos canais, aumentando a abrang&ecirc;ncia tanto de sua cobertura pol&iacute;tica quanto de sua programa&ccedil;&atilde;o cultural e educativa.<\/p>\n<p>Hoje o canal &eacute; veiculado apenas na TV por assinatura, com transmiss&atilde;o terrestre apenas em Bras&iacute;lia. A partir do segundo semestre, quando come&ccedil;ar&aacute; a transmitir em sinal aberto em S&atilde;o Paulo, j&aacute; digital, a TV C&acirc;mara deve ter um canal exclusivo sem cortes para as reuni&otilde;es das comiss&otilde;es da C&acirc;mara, ao vivo e gravadas, durante as 24 horas do dia. Outro canal transmitir&aacute; as sess&otilde;es do Plen&aacute;rio. Finalmente, um terceiro canal veicular&aacute; os demais conte&uacute;dos do canal, como telejornais, programas de debates, s&eacute;ries especiais, document&aacute;rios, filmes nacionais e programas de audit&oacute;rio.<\/p>\n<p><strong>Novos conte&uacute;dos<\/p>\n<p><\/strong>Segundo Getsemane Silva, coordenador do n&uacute;cleo de conte&uacute;do do canal, para preencher a grade do canal de programa&ccedil;&atilde;o especial (n&atilde;o ligada &agrave;s transmiss&otilde;es das sess&otilde;es do parlamento), a TV C&acirc;mara come&ccedil;a a buscar novos conte&uacute;dos, a partir de seus eixos tem&aacute;ticos, como comunica&ccedil;&atilde;o, cidadania, educa&ccedil;&atilde;o, economia, humanidades, pol&iacute;tica e sa&uacute;de. O canal poder&aacute; tanto adquirir conte&uacute;dos j&aacute; prontos como tamb&eacute;m comissionar novas produ&ccedil;&otilde;es. <\/p>\n","protected":false},"excerpt":{"rendered":"<p>A TV C&acirc;mara, canal do poder Legislativo Federal, aproveitar&aacute; a capacidade da transmiss&atilde;o digital terrestre para criar m&uacute;ltiplos canais, aumentando a abrang&ecirc;ncia tanto de sua cobertura pol&iacute;tica quanto de sua programa&ccedil;&atilde;o cultural e educativa. Hoje o canal &eacute; veiculado apenas na TV por assinatura, com transmiss&atilde;o terrestre apenas em Bras&iacute;lia. A partir do segundo semestre, &hellip; <a href=\"https:\/\/obscom.intervozes.org.br\/?p=20777\" class=\"more-link\">Continue lendo <span class=\"screen-reader-text\">TV C\u00e2mara far\u00e1 multiprograma\u00e7\u00e3o e busca novos conte\u00fados<\/span> <span class=\"meta-nav\">&rarr;<\/span><\/a><\/p>\n","protected":false},"author":1,"featured_media":0,"comment_status":"open","ping_status":"open","sticky":false,"template":"","format":"standard","meta":{"footnotes":""},"categories":[40],"tags":[79],"_links":{"self":[{"href":"https:\/\/obscom.intervozes.org.br\/index.php?rest_route=\/wp\/v2\/posts\/20777"}],"collection":[{"href":"https:\/\/obscom.intervozes.org.br\/index.php?rest_route=\/wp\/v2\/posts"}],"about":[{"href":"https:\/\/obscom.intervozes.org.br\/index.php?rest_route=\/wp\/v2\/types\/post"}],"author":[{"embeddable":true,"href":"https:\/\/obscom.intervozes.org.br\/index.php?rest_route=\/wp\/v2\/users\/1"}],"replies":[{"embeddable":true,"href":"https:\/\/obscom.intervozes.org.br\/index.php?rest_route=%2Fwp%2Fv2%2Fcomments&post=20777"}],"version-history":[{"count":0,"href":"https:\/\/obscom.intervozes.org.br\/index.php?rest_route=\/wp\/v2\/posts\/20777\/revisions"}],"wp:attachment":[{"href":"https:\/\/obscom.intervozes.org.br\/index.php?rest_route=%2Fwp%2Fv2%2Fmedia&parent=20777"}],"wp:term":[{"taxonomy":"category","embeddable":true,"href":"https:\/\/obscom.intervozes.org.br\/index.php?rest_route=%2Fwp%2Fv2%2Fcategories&post=20777"},{"taxonomy":"post_tag","embeddable":true,"href":"https:\/\/obscom.intervozes.org.br\/index.php?rest_route=%2Fwp%2Fv2%2Ftags&post=20777"}],"curies":[{"name":"wp","href":"https:\/\/api.w.org\/{rel}","templated":true}]}}