{"id":20770,"date":"2008-03-26T14:31:32","date_gmt":"2008-03-26T14:31:32","guid":{"rendered":"https:\/\/obscom.intervozes.org.br\/wordpress\/?p=20770"},"modified":"2008-03-26T14:31:32","modified_gmt":"2008-03-26T14:31:32","slug":"comissao-de-etica-vai-investigar-venda-de-radio-que-pertenceu-a-helio-costa","status":"publish","type":"post","link":"https:\/\/obscom.intervozes.org.br\/?p=20770","title":{"rendered":"Comiss\u00e3o de \u00c9tica vai investigar venda de r\u00e1dio que pertenceu a H\u00e9lio Costa"},"content":{"rendered":"<p>Bras&iacute;lia &#8211; A Comiss&atilde;o de &Eacute;tica P&uacute;blica vai avaliar se o ministro das Comunica&ccedil;&otilde;es, H&eacute;lio Costa, cometeu irregularidades na venda de uma r&aacute;dio em Barbacena (MG).<\/p>\n<p>A comiss&atilde;o solicitou, em janeiro, informa&ccedil;&otilde;es ao ministro H&eacute;lio Costa sobre o caso com base em mat&eacute;ria publicada no jornal Folha de S. Paulo, que apontou que ele teria transferido a r&aacute;dio de sua propriedade para um de seus assessores. <\/p>\n<p>O presidente da comiss&atilde;o, ex-ministro Sep&uacute;lveda Pertence, disse que o ministro j&aacute; encaminhou as informa&ccedil;&otilde;es, que agora ser&atilde;o analisadas. Pertence informou que o padre Jos&eacute; Ernanne Pinheiro, um dos integrantes da comiss&atilde;o, foi escolhido hoje (25) para ocupar a relatoria do caso. <\/p>\n<p>As informa&ccedil;&otilde;es s&atilde;o da Ag&ecirc;ncia Brasil.<\/p>\n","protected":false},"excerpt":{"rendered":"<p>Bras&iacute;lia &#8211; A Comiss&atilde;o de &Eacute;tica P&uacute;blica vai avaliar se o ministro das Comunica&ccedil;&otilde;es, H&eacute;lio Costa, cometeu irregularidades na venda de uma r&aacute;dio em Barbacena (MG). A comiss&atilde;o solicitou, em janeiro, informa&ccedil;&otilde;es ao ministro H&eacute;lio Costa sobre o caso com base em mat&eacute;ria publicada no jornal Folha de S. Paulo, que apontou que ele teria &hellip; <a href=\"https:\/\/obscom.intervozes.org.br\/?p=20770\" class=\"more-link\">Continue lendo <span class=\"screen-reader-text\">Comiss\u00e3o de \u00c9tica vai investigar venda de r\u00e1dio que pertenceu a H\u00e9lio Costa<\/span> <span class=\"meta-nav\">&rarr;<\/span><\/a><\/p>\n","protected":false},"author":1,"featured_media":0,"comment_status":"open","ping_status":"open","sticky":false,"template":"","format":"standard","meta":{"footnotes":""},"categories":[39],"tags":[],"_links":{"self":[{"href":"https:\/\/obscom.intervozes.org.br\/index.php?rest_route=\/wp\/v2\/posts\/20770"}],"collection":[{"href":"https:\/\/obscom.intervozes.org.br\/index.php?rest_route=\/wp\/v2\/posts"}],"about":[{"href":"https:\/\/obscom.intervozes.org.br\/index.php?rest_route=\/wp\/v2\/types\/post"}],"author":[{"embeddable":true,"href":"https:\/\/obscom.intervozes.org.br\/index.php?rest_route=\/wp\/v2\/users\/1"}],"replies":[{"embeddable":true,"href":"https:\/\/obscom.intervozes.org.br\/index.php?rest_route=%2Fwp%2Fv2%2Fcomments&post=20770"}],"version-history":[{"count":0,"href":"https:\/\/obscom.intervozes.org.br\/index.php?rest_route=\/wp\/v2\/posts\/20770\/revisions"}],"wp:attachment":[{"href":"https:\/\/obscom.intervozes.org.br\/index.php?rest_route=%2Fwp%2Fv2%2Fmedia&parent=20770"}],"wp:term":[{"taxonomy":"category","embeddable":true,"href":"https:\/\/obscom.intervozes.org.br\/index.php?rest_route=%2Fwp%2Fv2%2Fcategories&post=20770"},{"taxonomy":"post_tag","embeddable":true,"href":"https:\/\/obscom.intervozes.org.br\/index.php?rest_route=%2Fwp%2Fv2%2Ftags&post=20770"}],"curies":[{"name":"wp","href":"https:\/\/api.w.org\/{rel}","templated":true}]}}