{"id":20765,"date":"2008-03-26T09:33:19","date_gmt":"2008-03-26T09:33:19","guid":{"rendered":"https:\/\/obscom.intervozes.org.br\/wordpress\/?p=20765"},"modified":"2008-03-26T09:33:19","modified_gmt":"2008-03-26T09:33:19","slug":"inscricoes-para-o-festival-de-curtas-de-sp-estao-abertas","status":"publish","type":"post","link":"https:\/\/obscom.intervozes.org.br\/?p=20765","title":{"rendered":"Inscri\u00e7\u00f5es para o Festival de Curtas de SP est\u00e3o abertas"},"content":{"rendered":"<p>O 19&ordm; Festival Internacional de Curtas-Metragens de S&atilde;o Paulo abre inscri&ccedil;&otilde;es para filmes e v&iacute;deos nacionais no dia 2 de abril. Podem ser inscritos trabalhos finalizados em 2007 ou 2008; dos g&ecirc;neros anima&ccedil;&atilde;o, document&aacute;rio, experimental e fic&ccedil;&atilde;o; formatos de exibi&ccedil;&atilde;o em pel&iacute;cula (35mm ou 16mm) e v&iacute;deo (Beta SP, Mini DV ou DVCam) e dura&ccedil;&atilde;o de 3 a 20 minutos para filmes finalizados em v&iacute;deo e at&eacute; 35 minutos para filmes finalizados em pel&iacute;cula.<\/p>\n<p>As inscri&ccedil;&otilde;es v&atilde;o at&eacute; o dia 20 de junho. O regulamento e as informa&ccedil;&otilde;es sobre o procedimento de inscri&ccedil;&atilde;o podem ser encontrados no site www.kinoforum.org. O 19&ordm; Festival Internacional de Curtas-Metragens de S&atilde;o Paulo acontecer&aacute; de 21 a 29 de agosto.<\/p>\n<p>As informa&ccedil;&otilde;es s&atilde;o da Tela Viva News.<\/p>\n","protected":false},"excerpt":{"rendered":"<p>O 19&ordm; Festival Internacional de Curtas-Metragens de S&atilde;o Paulo abre inscri&ccedil;&otilde;es para filmes e v&iacute;deos nacionais no dia 2 de abril. Podem ser inscritos trabalhos finalizados em 2007 ou 2008; dos g&ecirc;neros anima&ccedil;&atilde;o, document&aacute;rio, experimental e fic&ccedil;&atilde;o; formatos de exibi&ccedil;&atilde;o em pel&iacute;cula (35mm ou 16mm) e v&iacute;deo (Beta SP, Mini DV ou DVCam) e dura&ccedil;&atilde;o &hellip; <a href=\"https:\/\/obscom.intervozes.org.br\/?p=20765\" class=\"more-link\">Continue lendo <span class=\"screen-reader-text\">Inscri\u00e7\u00f5es para o Festival de Curtas de SP est\u00e3o abertas<\/span> <span class=\"meta-nav\">&rarr;<\/span><\/a><\/p>\n","protected":false},"author":1,"featured_media":0,"comment_status":"open","ping_status":"open","sticky":false,"template":"","format":"standard","meta":{"footnotes":""},"categories":[39],"tags":[],"_links":{"self":[{"href":"https:\/\/obscom.intervozes.org.br\/index.php?rest_route=\/wp\/v2\/posts\/20765"}],"collection":[{"href":"https:\/\/obscom.intervozes.org.br\/index.php?rest_route=\/wp\/v2\/posts"}],"about":[{"href":"https:\/\/obscom.intervozes.org.br\/index.php?rest_route=\/wp\/v2\/types\/post"}],"author":[{"embeddable":true,"href":"https:\/\/obscom.intervozes.org.br\/index.php?rest_route=\/wp\/v2\/users\/1"}],"replies":[{"embeddable":true,"href":"https:\/\/obscom.intervozes.org.br\/index.php?rest_route=%2Fwp%2Fv2%2Fcomments&post=20765"}],"version-history":[{"count":0,"href":"https:\/\/obscom.intervozes.org.br\/index.php?rest_route=\/wp\/v2\/posts\/20765\/revisions"}],"wp:attachment":[{"href":"https:\/\/obscom.intervozes.org.br\/index.php?rest_route=%2Fwp%2Fv2%2Fmedia&parent=20765"}],"wp:term":[{"taxonomy":"category","embeddable":true,"href":"https:\/\/obscom.intervozes.org.br\/index.php?rest_route=%2Fwp%2Fv2%2Fcategories&post=20765"},{"taxonomy":"post_tag","embeddable":true,"href":"https:\/\/obscom.intervozes.org.br\/index.php?rest_route=%2Fwp%2Fv2%2Ftags&post=20765"}],"curies":[{"name":"wp","href":"https:\/\/api.w.org\/{rel}","templated":true}]}}