{"id":20762,"date":"2008-03-25T18:22:49","date_gmt":"2008-03-25T18:22:49","guid":{"rendered":"https:\/\/obscom.intervozes.org.br\/wordpress\/?p=20762"},"modified":"2008-03-25T18:22:49","modified_gmt":"2008-03-25T18:22:49","slug":"silencio-sobre-renovacao-de-concessoes-pairar-sobre-brasilia","status":"publish","type":"post","link":"https:\/\/obscom.intervozes.org.br\/?p=20762","title":{"rendered":"Sil\u00eancio sobre renova\u00e7\u00e3o de concess\u00f5es pairar sobre Bras\u00edlia"},"content":{"rendered":"<p>Alguns meses ap&oacute;s o vencimento das outorgas de r&aacute;dio e TV de algumas das maiores empresas de radiodifus&atilde;o do pa&iacute;s, como Globo, Bandeirantes e Record, ocorrido em outubro do &uacute;ltimo ano, e das mobiliza&ccedil;&otilde;es que se seguiram por democracia e transpar&ecirc;ncia nos processos de concess&atilde;o, um inc&ocirc;modo e for&ccedil;ado sil&ecirc;ncio paira sobre alguns dos setores envolvidos, sobretudo no governo federal.<\/p>\n<p>Se, h&aacute; poucos meses, o governo Lula at&eacute; chegou a ensaiar um t&iacute;mido questionamento aos corriqueiros e conhecidos descalabros nas renova&ccedil;&otilde;es, vai ficando cada vez mais clara a percep&ccedil;&atilde;o de que o interesse p&uacute;blico deve ser novamente subjugado. Tamb&eacute;m no Congresso Nacional pouco se fala a respeito e nada parece tirar o Legislativo da in&eacute;rcia habitual. <\/p>\n<p>Aproveitando a data de vencimento de v&aacute;rias outorgas em grandes cidades &ndash; 5 de outubro de 2007 &ndash; dezenas de entidades se reuniram na &lsquo;Campanha por Democracia e Transpar&ecirc;ncia nas Concess&otilde;es de R&aacute;dio e TV&rsquo;, reivindicando controle p&uacute;blico e participa&ccedil;&atilde;o social nos processos de renova&ccedil;&atilde;o. A diversidade de pautas na &aacute;rea de comunica&ccedil;&atilde;o, como a quest&atilde;o da nova TV p&uacute;blica e da regulamenta&ccedil;&atilde;o da TV por assinatura, no entanto, t&ecirc;m dificultado uma atua&ccedil;&atilde;o mais incisiva.<\/p>\n<p><strong>O recuo da Casa Civil<\/p>\n<p><\/strong>Em novembro passado, a Casa Civil da Presid&ecirc;ncia da Rep&uacute;blica acenou com a possibilidade de uma mudan&ccedil;a de postura, ao exigir que as emissoras comprovassem que cumpriram suas responsabilidades constitucionais nos &uacute;ltimos 15 anos. A investida gerou, evidentemente, apreens&atilde;o das grandes empresas. A Casa Civil queria provas documentadas de que as emissoras haviam cumprido finalidades educativo-culturais, se respeitaram o percentual m&aacute;ximo de 25% de publicidade, se houve monop&oacute;lio ou oligop&oacute;lio, entre outros preceitos contidas na Constitui&ccedil;&atilde;o Federal ou na legisla&ccedil;&atilde;o para o setor.<\/p>\n<p>&Eacute; absolutamente natural que os empres&aacute;rios brasileiros n&atilde;o se preocupassem em arquivar tais informa&ccedil;&otilde;es, pois nunca foram cobrados de nada, mesmo se tratando de concess&otilde;es p&uacute;blicas. O Minicom, coerente com seu papel hist&oacute;rico, saiu em defesa das emissoras alegando que n&atilde;o haveria regulamenta&ccedil;&atilde;o para os dispositivos constitucionais, sendo imposs&iacute;vel cobrar os radiodifusores. E a Casa Civil acatou, sem nenhum alarde. O motivo para tanto &eacute; sigilo completo, pois o &oacute;rg&atilde;o se nega a responder a qualquer coisa que se relacione com o tema. &ldquo;Este assunto &eacute; de compet&ecirc;ncia do Minist&eacute;rio das Comunica&ccedil;&otilde;es&rdquo; &eacute; a &uacute;nica frase ouvida por quem procura informa&ccedil;&otilde;es sobre a quest&atilde;o na Casa Civil.<\/p>\n<p>O Minicom, por sua vez, mant&eacute;m a lei do m&iacute;nimo esfor&ccedil;o, tanto para garantir acesso aos dados quanto a responder sobre o tema. A conclus&atilde;o, nesse caso, parece &oacute;bvia. &quot;&Eacute; impressionante a cortina de fuma&ccedil;a que paira sobre esse tema. Nem o Minist&eacute;rio das Comunica&ccedil;&otilde;es nem a Casa Civil, &oacute;rg&atilde;os respons&aacute;veis pelo processo de renova&ccedil;&atilde;o, falam claramente sobre ele&quot;, afirma Jo&atilde;o Brant, coordenador do Intervozes e membro da Campanha por Democracia e Transpar&ecirc;ncia nas Concess&otilde;es de R&aacute;dio e TV. &quot;Todas as informa&ccedil;&otilde;es que deveriam ser p&uacute;blicas s&atilde;o tratadas como sigilosas. Considerando que estamos falando de concess&otilde;es p&uacute;blicas, e que o direito de acesso &agrave; informa&ccedil;&atilde;o p&uacute;blica est&aacute; consagrado na Constitui&ccedil;&atilde;o Federal, a situa&ccedil;&atilde;o &eacute; totalmente absurda&quot;.<\/p>\n<p><strong>Diante do caos<\/p>\n<p><\/strong>A subcomiss&atilde;o presidida pela deputada Luiza Erundina (PSB-SP) no &acirc;mbito da Comiss&atilde;o de Ci&ecirc;ncia e Tecnologia, Comunica&ccedil;&atilde;o e Inform&aacute;tica da C&acirc;mara dos Deputados (CCTCI), encarregada de analisar mudan&ccedil;as nos crit&eacute;rios de concess&atilde;o e renova&ccedil;&atilde;o de outorgas, divulgou seu relat&oacute;rio parcial em dezembro do ano passado.<\/p>\n<p>No documento da relatora Maria do Carmo Lara (PT-MG) constava uma s&eacute;rie de indica&ccedil;&otilde;es com o objetivo a garantir maior transpar&ecirc;ncia nos processos. O relat&oacute;rio ainda precisa ser aprovado na CCTCI, para depois passar pelo plen&aacute;rio da Casa. O deputado Walter Pinheiro (PT-BA), escolhido recentemente para ocupar a presid&ecirc;ncia da CCTCI, acredita que o relat&oacute;rio seja aprovado na comiss&atilde;o &ndash; o que deve acontecer no m&ecirc;s de abril. &quot;Concordo quase integralmente com o relat&oacute;rio e a tend&ecirc;ncia &eacute; de que seja aprovado&quot;.<\/p>\n<p>Quanto aos processos que venceram em outubro e que devem passar pela comiss&atilde;o, o deputado recomenda cautela: &quot;O m&eacute;todo [de avalia&ccedil;&atilde;o dos processos] vai seguir como qualquer outra renova&ccedil;&atilde;o de concess&atilde;o p&uacute;blica. Mas n&atilde;o deve haver ilus&otilde;es, porque somente quem pode cancelar &eacute; o plen&aacute;rio da Casa&quot;, afirmou Pinheiro.<\/p>\n<p>O que se questiona agora &eacute; se os processos ser&atilde;o, mais uma vez, renovados de maneira autom&aacute;tica ou se, desta vez, ser&atilde;o levados com a seriedade devida a uma concess&atilde;o p&uacute;blica. Para Pinheiro, a chamada &quot;falta de regulamenta&ccedil;&atilde;o&quot; defendida pelo Minist&eacute;rio das Comunica&ccedil;&otilde;es n&atilde;o pode servir de justificativa para in&eacute;rcia. &quot;A comiss&atilde;o deve cumprir rigidamente seu papel e aplicar rigorosamente a lei. N&atilde;o &eacute; poss&iacute;vel admitir esse argumento, pois existe uma legisla&ccedil;&atilde;o existente que deve ser seguida. Ou vamos ficar contando com o ovo antes da galinha?&quot;, pergunta o deputado.<\/p>\n<p><strong>Audi&ecirc;ncias p&uacute;blicas<\/p>\n<p><\/strong>Rosane Bertotti, da Secretaria de Comunica&ccedil;&atilde;o da CUT, uma das entidades que participam da Campanha, lembra das atividades promovidas no dia 5 de outubro, quando do vencimento das outorgas de algumas grandes emissoras. Rosane acredita que as organiza&ccedil;&otilde;es da sociedade civil devem relacionar a quest&atilde;o das concess&otilde;es com a reivindica&ccedil;&atilde;o pela realiza&ccedil;&atilde;o de uma Confer&ecirc;ncia Nacional de Comunica&ccedil;&atilde;o, onde os tema seria discutido. &quot;Nossa estrat&eacute;gia &eacute; nos unirmos aos movimentos sociais para a realiza&ccedil;&atilde;o da Conferencia e discutir todos os temas de comunica&ccedil;&atilde;o&quot;.<\/p>\n<p>Nos pr&oacute;ximos meses, a campanha planeja realizar audi&ecirc;ncias p&uacute;blicas em todo o Brasil para ampliar a pauta e discutir a&ccedil;&otilde;es. Jo&atilde;o Brant, do Intervozes, acredita que o momento exige a&ccedil;&otilde;es espec&iacute;ficas. &quot;Todos os processos de renova&ccedil;&atilde;o das concess&otilde;es das grandes redes que venceram em 5 de outubro est&atilde;o no Executivo, e v&atilde;o chegar ao Congresso este ano. Este &eacute; o momento ideal para que a popula&ccedil;&atilde;o pressione pelo debate p&uacute;blico sobre os crit&eacute;rios e condi&ccedil;&otilde;es de renova&ccedil;&atilde;o&quot;.<\/p>\n<p>Brant acredita que &eacute; preciso retomar as a&ccedil;&otilde;es da campanha, e ressalta a import&acirc;ncia da realiza&ccedil;&atilde;o das audi&ecirc;ncias. &quot;Temos que garantir a realiza&ccedil;&atilde;o de audi&ecirc;ncias p&uacute;blicas que possam inaugurar um novo tratamento ao processo das concess&otilde;es, mais transparente e democr&aacute;tico&quot;, e aponta ainda que o pr&oacute;prio Congresso j&aacute; identificou uma s&eacute;rie de medidas que podem contribuir nesse sentido. &quot;&Eacute; preciso mobiliza&ccedil;&atilde;o para pressionar pela sua aprova&ccedil;&atilde;o&quot;, completa.<\/p>\n","protected":false},"excerpt":{"rendered":"<p>Campanha por Democracia e Transpar\u00eancia nas Concess\u00f5es de R\u00e1dio e TV planeja audi\u00eancias p\u00fablicas para avaliar uso das outorgas vencidas; Pinheiro ap\u00f3ia relat\u00f3rio que prop\u00f5e crit\u00e9rios para renova\u00e7\u00f5es.<\/p>\n","protected":false},"author":1,"featured_media":0,"comment_status":"open","ping_status":"open","sticky":false,"template":"","format":"standard","meta":{"footnotes":""},"categories":[40],"tags":[106],"_links":{"self":[{"href":"https:\/\/obscom.intervozes.org.br\/index.php?rest_route=\/wp\/v2\/posts\/20762"}],"collection":[{"href":"https:\/\/obscom.intervozes.org.br\/index.php?rest_route=\/wp\/v2\/posts"}],"about":[{"href":"https:\/\/obscom.intervozes.org.br\/index.php?rest_route=\/wp\/v2\/types\/post"}],"author":[{"embeddable":true,"href":"https:\/\/obscom.intervozes.org.br\/index.php?rest_route=\/wp\/v2\/users\/1"}],"replies":[{"embeddable":true,"href":"https:\/\/obscom.intervozes.org.br\/index.php?rest_route=%2Fwp%2Fv2%2Fcomments&post=20762"}],"version-history":[{"count":0,"href":"https:\/\/obscom.intervozes.org.br\/index.php?rest_route=\/wp\/v2\/posts\/20762\/revisions"}],"wp:attachment":[{"href":"https:\/\/obscom.intervozes.org.br\/index.php?rest_route=%2Fwp%2Fv2%2Fmedia&parent=20762"}],"wp:term":[{"taxonomy":"category","embeddable":true,"href":"https:\/\/obscom.intervozes.org.br\/index.php?rest_route=%2Fwp%2Fv2%2Fcategories&post=20762"},{"taxonomy":"post_tag","embeddable":true,"href":"https:\/\/obscom.intervozes.org.br\/index.php?rest_route=%2Fwp%2Fv2%2Ftags&post=20762"}],"curies":[{"name":"wp","href":"https:\/\/api.w.org\/{rel}","templated":true}]}}