{"id":20761,"date":"2008-03-25T14:36:57","date_gmt":"2008-03-25T14:36:57","guid":{"rendered":"https:\/\/obscom.intervozes.org.br\/wordpress\/?p=20761"},"modified":"2008-03-25T14:36:57","modified_gmt":"2008-03-25T14:36:57","slug":"conteudo-manteudo-e-a-carapuca-de-pau-da-tv-paga","status":"publish","type":"post","link":"https:\/\/obscom.intervozes.org.br\/?p=20761","title":{"rendered":"Conte\u00fado mante\u00fado e a cara[pu\u00e7a] de pau da TV paga"},"content":{"rendered":"<p><span>A TV por assinatura expande seus tent&aacute;culos a olhos vistos pelo Brasil. Os dados mais recentes, divulgados esta semana, apontam para um aumento de 13% no n&uacute;mero de usu&aacute;rios entre 2006 e 2007. Com isso, j&aacute; s&atilde;o 5,3 milh&otilde;es de domic&iacute;lios com acesso aos canais pagos. <\/p>\n<p><\/span><span>O levantamento foi feito pela ABTA, associa&ccedil;&atilde;o que re&uacute;ne 95% das empresas de TV por assinatura, em conjunto com o SETA, o sindicato do setor. O pano de fundo deste crescimento &eacute; o mesmo que tirou o segmento da estagna&ccedil;&atilde;o nos &uacute;ltimos anos: a oferta de pacotes de TV + telefone fixo + Internet banda larga.<\/p>\n<p><\/span><span>Os dados mostram isso com clareza. O n&uacute;mero de assinantes do kit que inclui Internet r&aacute;pida j&aacute; soma um ter&ccedil;o do total de clientes &#8211; ou, em gra&uacute;dos, 1,8 milh&atilde;o de seres humanos. Um crescimento de nada menos que 47% em rela&ccedil;&atilde;o ao ano anterior. <\/p>\n<p><\/span><span>&Eacute; de se festejar, sem d&uacute;vida. Mas deveria servir tamb&eacute;m como alerta para os movimentos contradit&oacute;rios vividos neste momento pelo setor, mote de um projeto de lei no Congresso que, dentre outras coisas, prop&otilde;e uma pol&iacute;tica de cotas para assegurar a presen&ccedil;a do conte&uacute;do audiovisual brasileiro nos canais.<\/p>\n<p><\/span><span>O simples confronto dos novos n&uacute;meros talvez ajude a dar lastro &agrave; id&eacute;ia de que isso pode ser ben&eacute;fico para todos. Se o total de assinantes cresceu 13% e a quantidade de pessoas que incorporaram Internet 47%, alguma coisa isso revela &#8211; noves fora o evidente sucesso da ado&ccedil;&atilde;o do triple play, como s&atilde;o chamados os pacotes de servi&ccedil;os conjugados. <\/p>\n<p><\/span><span>Seria plaus&iacute;vel pensar, por exemplo, que o que mais move as pessoas para a TV paga n&atilde;o s&atilde;o necessariamente os conte&uacute;dos oferecidos por ela, mas a oportunidade de fugir deles&#8230; Noutras palavras: a TV por assinatura pode estar sendo crescentemente tratada como &quot;brinde&quot; na compra de servi&ccedil;os de Internet r&aacute;pida. <\/p>\n<p><\/span><span>O primeiro motivador para a assinatura dos servi&ccedil;os conjugados oferecidos via TV paga &eacute;, evidentemente, o bolso. Mas o segundo talvez seja o conte&uacute;do. As informa&ccedil;&otilde;es disponibilizadas pela pesquisa n&atilde;o entram neste m&eacute;rito. <\/p>\n<p><\/span><span>A queda de bra&ccedil;o entre TVs por assinatura e produtores audiovisuais brasileiros come&ccedil;ou em dezembro passado e foi renovada este m&ecirc;s, com uma campanha [veiculada nos canais pagos, interessados diretos no assunto&#8230;] que acusa o projeto do deputado Jorge Bittar (PT-RJ) de ferir a liberdade de escolha do assinante.<\/p>\n<p><\/span><span>O tiro pode ter sa&iacute;do pela culatra. Na &uacute;ltima quarta-feira, 36 entidades da &aacute;rea audiovisual lan&ccedil;aram- se no contra-ataque no Congresso Nacional, com um manifesto em defesa das cotas [cuja &iacute;ntegra eu penduro no meu blog: futurodamusica. zip.net].<\/p>\n<p><\/span><span>O texto n&atilde;o apenas questiona o conceito de liberdade utilizado pela campanha [incompat&iacute;vel, como sugere, com as pr&aacute;ticas do setor], mas cutuca com for&ccedil;a a ferida aberta pelo ex&iacute;lio do conte&uacute;do nacional da TV por assinatura.<\/p>\n<p><\/span><span>O argumento fundamental tem lastro em n&uacute;meros contundentes rec&eacute;m-divulgados pela Ancine, a ag&ecirc;ncia reguladora do setor audiovisual. Parece assustador [em qualquer pa&iacute;s do mundo] constatar que de 3.264 filmes exibidos [no quarto trimestre de 2006, pelos dez principais canais pagos] somente 17 eram brasileiros. Leia-se 0,5%&#8230;<\/p>\n<p><\/span><span>O grande m&eacute;rito do levantamento da Ancine &eacute; traduzir em n&uacute;meros o que o controle remoto denuncia h&aacute; muito tempo: o Brasil foi exilado da TV paga. Procure o pa&iacute;s que voc&ecirc; vive fora dos canais de esportes, not&iacute;cias ou dos que s&oacute; s&atilde;o oferecidos porque a lei obriga [caso dos legislativos, universit&aacute;rios comunit&aacute;rios e educativos &#8211; que, descaradamente, n&atilde;o merecem o mesmo cuidado t&eacute;cnico na transmiss&atilde;o]. <\/p>\n<p><\/span><span>Se o filme nacional est&aacute; fora da TV por assinatura, o que dizer das demais manifesta&ccedil;&otilde;es art&iacute;sticas? Onde est&aacute; a m&uacute;sica? E as artes c&ecirc;nicas ou visuais? Cad&ecirc; a dan&ccedil;a? E a cultura popular? [Bem, &eacute; fato que tamb&eacute;m na TV aberta, para al&eacute;m do circuito de emissoras p&uacute;blicas, cultura s&oacute; &eacute; assunto quando est&aacute; a reboque das celebridades&#8230;] <\/p>\n<p><\/span><span>H&aacute;, na NET, apenas tr&ecirc;s ou quatro louv&aacute;veis exce&ccedil;&otilde;es: Multishow [o canal mais contempor&acirc;neo e antenado da TV brasileira, na minha modesta opini&atilde;o], GNT [de foco no universo feminino], Futura [que tem a TV p&uacute;blica no DNA&quot; e Canal Brasil &quot;o gueto do cinema nacional]. Na TVA dois novos canais produzidos pelo Grupo Abril oxigenam a programa&ccedil;&atilde;o: FizTV [de conte&uacute;dos colaborativos] e Ideal [de perfil jovem, voltado ao mercado de trabalho]. <\/p>\n<p><\/span><span>&Eacute; pouco. E se isso n&atilde;o for suficiente para merecer aten&ccedil;&atilde;o do Legislativo e do Executivo [e portanto, ser tratado como pol&iacute;tica p&uacute;blica] , o que ser&aacute;? Defender conte&uacute;do nacional n&atilde;o &eacute; negar o que vem de fora [que sim, todo mundo quer tamb&eacute;m], mas afirmar o direito de nos conhecermos melhor.<\/p>\n<p><\/span><span>Pol&iacute;tica de cotas &eacute; sempre um assunto espinhoso. Porque cria obrigatoriedades em vez de estimular um processo cont&iacute;nuo de conquistas, a m&eacute;dio e longo prazo. Mas &eacute; um mal necess&aacute;rio. Que precisa ser usado [com rigor] sempre que alguma distor&ccedil;&atilde;o amea&ccedil;a se perpetuar. E &eacute; o caso. <\/p>\n<p><\/span><span>N&atilde;o seria demais, ali&aacute;s, ampliar a briga para a retomada do projeto de regionaliza&ccedil;&atilde;o da programa&ccedil;&atilde;o, um imperativo constitucional que os lobbies e interesses econ&ocirc;micos das grandes redes comerciais de televis&atilde;o nunca permitiram que sa&iacute;sse do papel.<\/p>\n<p><\/span><span>Ou ser&aacute; que ningu&eacute;m teria interesse em saber o que se passa neste pa&iacute;s para al&eacute;m do eixo RJ-SP?<\/p>\n<p><em>* <\/em><\/span><span><em>Israel do Vale &eacute;&nbsp;diretor de programa&ccedil;&atilde;o e produ&ccedil;&atilde;o da Rede Minas<\/em><\/span><\/p>\n","protected":false},"excerpt":{"rendered":"<p>A TV por assinatura expande seus tent&aacute;culos a olhos vistos pelo Brasil. Os dados mais recentes, divulgados esta semana, apontam para um aumento de 13% no n&uacute;mero de usu&aacute;rios entre 2006 e 2007. Com isso, j&aacute; s&atilde;o 5,3 milh&otilde;es de domic&iacute;lios com acesso aos canais pagos. O levantamento foi feito pela ABTA, associa&ccedil;&atilde;o que re&uacute;ne &hellip; <a href=\"https:\/\/obscom.intervozes.org.br\/?p=20761\" class=\"more-link\">Continue lendo <span class=\"screen-reader-text\">Conte\u00fado mante\u00fado e a cara[pu\u00e7a] de pau da TV paga<\/span> <span class=\"meta-nav\">&rarr;<\/span><\/a><\/p>\n","protected":false},"author":1,"featured_media":0,"comment_status":"open","ping_status":"open","sticky":false,"template":"","format":"standard","meta":{"footnotes":""},"categories":[42],"tags":[691],"_links":{"self":[{"href":"https:\/\/obscom.intervozes.org.br\/index.php?rest_route=\/wp\/v2\/posts\/20761"}],"collection":[{"href":"https:\/\/obscom.intervozes.org.br\/index.php?rest_route=\/wp\/v2\/posts"}],"about":[{"href":"https:\/\/obscom.intervozes.org.br\/index.php?rest_route=\/wp\/v2\/types\/post"}],"author":[{"embeddable":true,"href":"https:\/\/obscom.intervozes.org.br\/index.php?rest_route=\/wp\/v2\/users\/1"}],"replies":[{"embeddable":true,"href":"https:\/\/obscom.intervozes.org.br\/index.php?rest_route=%2Fwp%2Fv2%2Fcomments&post=20761"}],"version-history":[{"count":0,"href":"https:\/\/obscom.intervozes.org.br\/index.php?rest_route=\/wp\/v2\/posts\/20761\/revisions"}],"wp:attachment":[{"href":"https:\/\/obscom.intervozes.org.br\/index.php?rest_route=%2Fwp%2Fv2%2Fmedia&parent=20761"}],"wp:term":[{"taxonomy":"category","embeddable":true,"href":"https:\/\/obscom.intervozes.org.br\/index.php?rest_route=%2Fwp%2Fv2%2Fcategories&post=20761"},{"taxonomy":"post_tag","embeddable":true,"href":"https:\/\/obscom.intervozes.org.br\/index.php?rest_route=%2Fwp%2Fv2%2Ftags&post=20761"}],"curies":[{"name":"wp","href":"https:\/\/api.w.org\/{rel}","templated":true}]}}