{"id":20752,"date":"2008-03-25T11:29:41","date_gmt":"2008-03-25T11:29:41","guid":{"rendered":"https:\/\/obscom.intervozes.org.br\/wordpress\/?p=20752"},"modified":"2008-03-25T11:29:41","modified_gmt":"2008-03-25T11:29:41","slug":"net-servicos-reafirma-posicao-contraria-as-cotas-na-tv-por-assinatura","status":"publish","type":"post","link":"https:\/\/obscom.intervozes.org.br\/?p=20752","title":{"rendered":"Net Servi\u00e7os reafirma posi\u00e7\u00e3o contr\u00e1ria \u00e0s cotas na TV por assinatura"},"content":{"rendered":"<p>O CEO da Net Servi&ccedil;os, Jos&eacute; Felix, posiciona-se totalmente contr&aacute;rio &agrave;s cotas de programa&ccedil;&atilde;o nacional propostas no PL 29\/2007, em tramita&ccedil;&atilde;o na C&acirc;mara. &quot;Vejo com maus olhos qualquer coisa imposta, que seja contra o sentido natural da evolu&ccedil;&atilde;o dos neg&oacute;cios&quot;, afirmou em entrevista a este notici&aacute;rio.<\/p>\n<p>&quot;Somos os maiores interessados em fazer o cliente feliz, em dar a programa&ccedil;&atilde;o que ele quer, sen&atilde;o no m&ecirc;s seguinte ele n&atilde;o renova a assinatura. Ent&atilde;o, n&atilde;o precisa de cotas para garantir o melhor conte&uacute;do&quot;, disse.<\/p>\n<p>&quot;Estas coisas s&atilde;o sempre em cima da TV por assinatura&quot;, lembrou. &quot;J&aacute; demos tudo: canais obrigat&oacute;rios, comunit&aacute;rios, universit&aacute;rios, governamentais, colocamos cabo gr&aacute;tis nas escolas&#8230; Deveria ter um limite para estas exig&ecirc;ncias. A rede custa dinheiro, e algu&eacute;m pagou por isso&quot;, conclui. <\/p>\n<p>As informa&ccedil;&otilde;es s&atilde;o de Andr&eacute; Mermelstein, da Pay TV.<\/p>\n","protected":false},"excerpt":{"rendered":"<p>O CEO da Net Servi&ccedil;os, Jos&eacute; Felix, posiciona-se totalmente contr&aacute;rio &agrave;s cotas de programa&ccedil;&atilde;o nacional propostas no PL 29\/2007, em tramita&ccedil;&atilde;o na C&acirc;mara. &quot;Vejo com maus olhos qualquer coisa imposta, que seja contra o sentido natural da evolu&ccedil;&atilde;o dos neg&oacute;cios&quot;, afirmou em entrevista a este notici&aacute;rio. &quot;Somos os maiores interessados em fazer o cliente feliz, &hellip; <a href=\"https:\/\/obscom.intervozes.org.br\/?p=20752\" class=\"more-link\">Continue lendo <span class=\"screen-reader-text\">Net Servi\u00e7os reafirma posi\u00e7\u00e3o contr\u00e1ria \u00e0s cotas na TV por assinatura<\/span> <span class=\"meta-nav\">&rarr;<\/span><\/a><\/p>\n","protected":false},"author":1,"featured_media":0,"comment_status":"open","ping_status":"open","sticky":false,"template":"","format":"standard","meta":{"footnotes":""},"categories":[39],"tags":[],"_links":{"self":[{"href":"https:\/\/obscom.intervozes.org.br\/index.php?rest_route=\/wp\/v2\/posts\/20752"}],"collection":[{"href":"https:\/\/obscom.intervozes.org.br\/index.php?rest_route=\/wp\/v2\/posts"}],"about":[{"href":"https:\/\/obscom.intervozes.org.br\/index.php?rest_route=\/wp\/v2\/types\/post"}],"author":[{"embeddable":true,"href":"https:\/\/obscom.intervozes.org.br\/index.php?rest_route=\/wp\/v2\/users\/1"}],"replies":[{"embeddable":true,"href":"https:\/\/obscom.intervozes.org.br\/index.php?rest_route=%2Fwp%2Fv2%2Fcomments&post=20752"}],"version-history":[{"count":0,"href":"https:\/\/obscom.intervozes.org.br\/index.php?rest_route=\/wp\/v2\/posts\/20752\/revisions"}],"wp:attachment":[{"href":"https:\/\/obscom.intervozes.org.br\/index.php?rest_route=%2Fwp%2Fv2%2Fmedia&parent=20752"}],"wp:term":[{"taxonomy":"category","embeddable":true,"href":"https:\/\/obscom.intervozes.org.br\/index.php?rest_route=%2Fwp%2Fv2%2Fcategories&post=20752"},{"taxonomy":"post_tag","embeddable":true,"href":"https:\/\/obscom.intervozes.org.br\/index.php?rest_route=%2Fwp%2Fv2%2Ftags&post=20752"}],"curies":[{"name":"wp","href":"https:\/\/api.w.org\/{rel}","templated":true}]}}