{"id":20750,"date":"2008-03-24T21:44:47","date_gmt":"2008-03-24T21:44:47","guid":{"rendered":"https:\/\/obscom.intervozes.org.br\/wordpress\/?p=20750"},"modified":"2008-03-24T21:44:47","modified_gmt":"2008-03-24T21:44:47","slug":"artistas-se-reunem-em-ato-passeata-para-defender-politicas-publicas-para-a-cultura","status":"publish","type":"post","link":"https:\/\/obscom.intervozes.org.br\/?p=20750","title":{"rendered":"Artistas se re\u00fanem em ato-passeata para defender pol\u00edticas p\u00fablicas para a cultura"},"content":{"rendered":"<p><span>O dia 27 de mar&ccedil;o, dia&nbsp; internacional do teatro, ser&aacute; um marco na defesa da cultura como direito&nbsp; humano inalien&aacute;vel e, portanto, dever do Estado para com seus cidad&atilde;os. A&ccedil;&otilde;es,&nbsp; manifesta&ccedil;&otilde;es e passeatas acontecer&atilde;o por todo pa&iacute;s. Em S&atilde;o Paulo, o ato&nbsp; p&uacute;blico reunir&aacute; artistas, pensadores e militantes de segmentos diversos da&nbsp; sociedade e vindos de todas as regi&otilde;es metropolitanas.<\/p>\n<p><\/span><span>Movimento nacional que une coletivos teatrais,&nbsp; Redemoinho &eacute; o coletivo respons&aacute;vel pela organiza&ccedil;&atilde;o das a&ccedil;&otilde;es nos diversos&nbsp; estados. Reafirmando a necessidade de uma pol&iacute;tica p&uacute;blica e de continuidade&nbsp; para a cultura e a arte como campo de pensamento e de atua&ccedil;&atilde;o fundamental para&nbsp; o exerc&iacute;cio da cidadania, o Redemoinho marca esse dia de mobiliza&ccedil;&atilde;o nacional&nbsp; com o lan&ccedil;amento oficial da &ldquo;Carta de Porto Alegre&rdquo;. Assinada por diversos&nbsp; grupos de teatro de todo pa&iacute;s, a Carta reivindica a cria&ccedil;&atilde;o da Lei Federal:&nbsp; Pr&ecirc;mio Teatro Brasileiro, como exemplo para a cria&ccedil;&atilde;o de uma nova pol&iacute;tica de&nbsp; Estado, e n&atilde;o de governo. Al&eacute;m desta iniciativa de car&aacute;ter nacional, cada uma&nbsp; das regionais do Redemoinho trar&aacute; a p&uacute;blico suas reivindica&ccedil;&otilde;es locais, tamb&eacute;m&nbsp; baseadas na cria&ccedil;&atilde;o de pol&iacute;ticas publicas de continuidade para a&nbsp; cultura.<\/p>\n<p><\/span><span>O Redemoinho entende que as pol&iacute;ticas para a &aacute;rea da cultura&nbsp; n&atilde;o atendem as demandas dos cidad&atilde;os e nem dos grupos de teatro e demais&nbsp; criadores teatrais realmente comprometidos com um teatro p&uacute;blico, democr&aacute;tico,&nbsp; includente e descentralizado, mas antes respondem a uma vis&atilde;o da arte como&nbsp; produto, mercadoria &ndash; algo privado, anti-democr&aacute;tico, excludente e&nbsp; centralizado. O Pr&ecirc;mio Teatro Brasileiro &eacute;, portanto, apresentado como uma&nbsp; alternativa &agrave; lei Rouanet, opondo-se claramente a ela e a seu mecanismo de&nbsp; privatiza&ccedil;&atilde;o dos recursos p&uacute;blicos para a cultura. O Redemoinho pretende com&nbsp; esta a&ccedil;&atilde;o retirar as decis&otilde;es sobre o que tem calor cultural dos departamentos&nbsp; de marketing das empresas privadas e lev&aacute;-las a uma esfera p&uacute;blica com ampla&nbsp; participa&ccedil;&atilde;o social. <\/p>\n<p><\/span><span>Na cidade de S&atilde;o Paulo, a programa&ccedil;&atilde;o inclui a&nbsp; apresenta&ccedil;&atilde;o de v&aacute;rios grupos de teatro de rua a partir das 10h na pra&ccedil;a do&nbsp; Patriarca; &agrave;s 16h os manifestantes seguem em caminhada at&eacute; o teatro municipal&nbsp; onde ser&aacute; lido &agrave;s 17h o manifesto, a &ldquo;Carta de Porto Alegre&rdquo;, e oficializada a&nbsp; proposi&ccedil;&atilde;o da Lei&nbsp; Pr&ecirc;mio Teatro Brasileiro. Alem disso, como a&ccedil;&atilde;o local,&nbsp; ser&aacute; proposta a&nbsp; retomada do Fundo Estadual de Arte e Cultura. O&nbsp; encerramento da manifesta&ccedil;&atilde;o ser&aacute; no Teatro F&aacute;brica, &agrave;s 20h30, com a&nbsp; participa&ccedil;&atilde;o do soci&oacute;logo Francisco&nbsp; de Oliveira e do fil&oacute;sofo Paulo&nbsp; Arantes.<\/span><span>&nbsp;<\/p>\n<p><\/span><span><strong>Entenda as propostas do movimento:<\/strong><\/span><span>&nbsp;<\/p>\n<p><\/span><span>*Lei Pr&ecirc;mio Teatro Brasileiro &eacute; um programa p&uacute;blico a ser estabelecido em lei, que&nbsp; destina recursos para: pesquisa e cria&ccedil;&atilde;o de espet&aacute;culos teatrais, circula&ccedil;&atilde;o&nbsp; de espet&aacute;culos e\/ou atividades teatrais de relev&acirc;ncia art&iacute;stica e manuten&ccedil;&atilde;o&nbsp; de n&uacute;cleos art&iacute;sticos com trabalho cont&iacute;nuo. Os recursos s&atilde;o descentralizados&nbsp; por regi&atilde;o bem como o julgamento se d&aacute; tamb&eacute;m por regi&atilde;o e prev&ecirc; comiss&otilde;es&nbsp; mistas com representantes do estado e dos n&uacute;cleos art&iacute;sticos proponentes. A&nbsp; Lei Pr&ecirc;mio Teatro Brasileiro &eacute; um projeto de lei que atende artistas&nbsp; independentes, produtores teatrais e grupos de teatro.<\/span><span>&nbsp;<\/p>\n<p><\/span><span>*Fundo Estadual de Arte e Cultura se destina a nove &aacute;reas: Artes Visuais,&nbsp; &Aacute;udio-visual, Circo, Cultura Popular, Dan&ccedil;a, Hip-Hop, Literatura, M&uacute;sica e&nbsp; Teatro. Destina recursos distribu&iacute;dos de forma descentralizada e proporcional,&nbsp; para todas as Regi&otilde;es Administrativas do estado atrav&eacute;s de editais p&uacute;blicos.&nbsp; <\/span><span>&nbsp;<\/p>\n<p><\/span><span><strong>Sobre o Redemoinho<br \/><\/strong><\/span><span><br \/>O Redemoinho foi formado como uma rede&nbsp; brasileira de espa&ccedil;os de cria&ccedil;&atilde;o, compartilhamento e pesquisa teatral,&nbsp; composta por grupos de teatro de todo Brasil. Em 2006 definiu-se como&nbsp; movimento pol&iacute;tico cujos representantes, eleitos anualmente, formam um&nbsp; conselho que tem como tarefa a atua&ccedil;&atilde;o na cena p&uacute;blica para a cria&ccedil;&atilde;o de&nbsp; pol&iacute;ticas p&uacute;blicas consistentes, democr&aacute;ticas e cont&iacute;nuas para o teatro. t&ecirc;m a&nbsp; tarefa de atuar na cena p&uacute;blica e pol&iacute;tica.<\/span><span>&nbsp;<\/p>\n<p><\/span><span><strong>Servi&ccedil;o<\/p>\n<p><\/strong><\/span><span>Dia 27 de&nbsp; mar&ccedil;o &ndash; Ato P&uacute;blico<br \/><\/span><span>10h &#8211;&nbsp;Overdose Teatral &ndash; in&iacute;cio das&nbsp; apresenta&ccedil;&otilde;es de v&aacute;rios grupos do Movimento de Teatro de Rua na Pra&ccedil;a do&nbsp; Patriarca, centro de S&atilde;o Paulo.<br \/><\/span><span>16h &#8211;&nbsp;Concentra&ccedil;&atilde;o na Pra&ccedil;a do&nbsp; Patriarca para sa&iacute;da da Caminhada at&eacute; o Teatro Municipal.<br \/><\/span><span>17h &#8211;&nbsp; Leitura do Manifesto nas escadarias do Teatro Municipal.<\/span><span>&nbsp;<br \/><\/span><span>20h30 &#8211;&nbsp; In&iacute;cio da programa&ccedil;&atilde;o no Teatro F&aacute;brica (participa&ccedil;&atilde;o de Paulo Arantes e Chico&nbsp; de Oliveira).<\/span><span>&nbsp;<\/p>\n<p><\/span><span><em>Organiza&ccedil;&atilde;o da Overdose Teatral: Movimento de Teatro de&nbsp; Rua<br \/><\/em><\/span><span><em>Apoio: Cooperativa Paulista de Teatro e Teatro F&aacute;brica<br \/><\/em><\/span><span><em>Realiza&ccedil;&atilde;o:&nbsp; REDEMOINHO &ndash; Movimento Brasileiro de Espa&ccedil;os de Cria&ccedil;&atilde;o, Compartilhamento e&nbsp; Pesquisa Teatral.<\/em><\/span><\/p>\n","protected":false},"excerpt":{"rendered":"<p>O dia 27 de mar&ccedil;o, dia&nbsp; internacional do teatro, ser&aacute; um marco na defesa da cultura como direito&nbsp; humano inalien&aacute;vel e, portanto, dever do Estado para com seus cidad&atilde;os. A&ccedil;&otilde;es,&nbsp; manifesta&ccedil;&otilde;es e passeatas acontecer&atilde;o por todo pa&iacute;s. Em S&atilde;o Paulo, o ato&nbsp; p&uacute;blico reunir&aacute; artistas, pensadores e militantes de segmentos diversos da&nbsp; sociedade e vindos &hellip; <a href=\"https:\/\/obscom.intervozes.org.br\/?p=20750\" class=\"more-link\">Continue lendo <span class=\"screen-reader-text\">Artistas se re\u00fanem em ato-passeata para defender pol\u00edticas p\u00fablicas para a cultura<\/span> <span class=\"meta-nav\">&rarr;<\/span><\/a><\/p>\n","protected":false},"author":1,"featured_media":0,"comment_status":"open","ping_status":"open","sticky":false,"template":"","format":"standard","meta":{"footnotes":""},"categories":[40],"tags":[350],"_links":{"self":[{"href":"https:\/\/obscom.intervozes.org.br\/index.php?rest_route=\/wp\/v2\/posts\/20750"}],"collection":[{"href":"https:\/\/obscom.intervozes.org.br\/index.php?rest_route=\/wp\/v2\/posts"}],"about":[{"href":"https:\/\/obscom.intervozes.org.br\/index.php?rest_route=\/wp\/v2\/types\/post"}],"author":[{"embeddable":true,"href":"https:\/\/obscom.intervozes.org.br\/index.php?rest_route=\/wp\/v2\/users\/1"}],"replies":[{"embeddable":true,"href":"https:\/\/obscom.intervozes.org.br\/index.php?rest_route=%2Fwp%2Fv2%2Fcomments&post=20750"}],"version-history":[{"count":0,"href":"https:\/\/obscom.intervozes.org.br\/index.php?rest_route=\/wp\/v2\/posts\/20750\/revisions"}],"wp:attachment":[{"href":"https:\/\/obscom.intervozes.org.br\/index.php?rest_route=%2Fwp%2Fv2%2Fmedia&parent=20750"}],"wp:term":[{"taxonomy":"category","embeddable":true,"href":"https:\/\/obscom.intervozes.org.br\/index.php?rest_route=%2Fwp%2Fv2%2Fcategories&post=20750"},{"taxonomy":"post_tag","embeddable":true,"href":"https:\/\/obscom.intervozes.org.br\/index.php?rest_route=%2Fwp%2Fv2%2Ftags&post=20750"}],"curies":[{"name":"wp","href":"https:\/\/api.w.org\/{rel}","templated":true}]}}