{"id":20745,"date":"2008-03-24T10:47:41","date_gmt":"2008-03-24T10:47:41","guid":{"rendered":"https:\/\/obscom.intervozes.org.br\/wordpress\/?p=20745"},"modified":"2008-03-24T10:47:41","modified_gmt":"2008-03-24T10:47:41","slug":"sindicato-repudia-agressao-e-ameaca-a-equipe-da-ric-tv","status":"publish","type":"post","link":"https:\/\/obscom.intervozes.org.br\/?p=20745","title":{"rendered":"Sindicato repudia agress\u00e3o e amea\u00e7a \u00e0 equipe da RIC TV"},"content":{"rendered":"<p><span>O Sindicato dos Jornalistas Profissionais do Paran&aacute; repudia com veem&ecirc;ncia a atitude criminosa do policial militar cedido &agrave; prefeitura de Almirante Tamandar&eacute; que, na tarde de ontem (10\/03), constrangeu e amea&ccedil;ou com uma arma uma equipe da RIC TV que realizava seu trabalho no local. Autorizada a gravar uma passagem no pr&eacute;dio da prefeitura, a equipe da rep&oacute;rter Simone Munhoz, que fazia uma mat&eacute;ria sobre falta de vagas em creches, foi surpreendida ao t&eacute;rmino do trabalho com a agressiva abordagem de um seguran&ccedil;a &ndash; que mais tarde se saberia ser um soldado da Pol&iacute;cia Militar de nome Ademir de Souza. Ele dizia que a jornalista estava &quot;falando mal&quot; da prefeitura e que n&atilde;o poderia sair dali com o material gravado, que insistia em ver. Descontrolado, o policial amea&ccedil;ou pegar a c&acirc;mera e apagar as imagens e seguiu Simone e o rep&oacute;rter cinematogr&aacute;fico Marcelo Dorce at&eacute; o carro, tentando impedi-los de sair de onde estavam. Foi quando sacou uma arma e apontou-a para a cabe&ccedil;a do motorista Darcy Kuhn, fazendo amea&ccedil;as. O clima tenso s&oacute; terminou com a chegada de policiais militares, que levaram o policial e a equipe ao 17&ordm; Batalh&atilde;o, onde, ap&oacute;s uma longa perman&ecirc;ncia, n&atilde;o foi feito termo circunstanciado, ficando apenas a promessa do comando da Pol&iacute;cia Militar de que seria instaurado um processo administrativo sobre a conduta do policial.<\/p>\n<p><\/span><span>O pedido de desculpas apresentado posteriormente por dois secret&aacute;rios municipais &agrave; equipe n&atilde;o &eacute; o suficiente para apagar esta b&aacute;rbara agress&atilde;o &agrave; imprensa. O Sindijor vai denunciar o caso &agrave; Fenaj, ao Congresso Nacional e &agrave;s entidades que lutam pelos direitos humanos e da comunica&ccedil;&atilde;o. Um policial despreparado para agir com o p&uacute;blico n&atilde;o pode andar armado pelas ruas. O Sindijor vai solicitar ainda provid&ecirc;ncias da Secretaria estadual de Seguran&ccedil;a P&uacute;blica. Agress&otilde;es a jornalistas por policiais t&ecirc;m sido freq&uuml;entes, como no epis&oacute;dio dos colegas Cahu&ecirc; Miranda e Valquir Aureliano, em outubro de 2006 (PMs), de Simone Giacometti, em fevereiro de 2007 (Guarda Municipal de fazenda Rio Grande), al&eacute;m do caso de N&aacute;jia Furlan, a qual, agredida enquanto realizava seu trabalho na prefeitura de Matinhos, n&atilde;o contou com a a&ccedil;&atilde;o de um guarda municipal, que assistia a tudo impass&iacute;vel. Mais esta agress&atilde;o aos jornalistas e &agrave; imprensa n&atilde;o pode ficar impune.<\/span><\/p>\n","protected":false},"excerpt":{"rendered":"<p>O Sindicato dos Jornalistas Profissionais do Paran&aacute; repudia com veem&ecirc;ncia a atitude criminosa do policial militar cedido &agrave; prefeitura de Almirante Tamandar&eacute; que, na tarde de ontem (10\/03), constrangeu e amea&ccedil;ou com uma arma uma equipe da RIC TV que realizava seu trabalho no local. Autorizada a gravar uma passagem no pr&eacute;dio da prefeitura, a &hellip; <a href=\"https:\/\/obscom.intervozes.org.br\/?p=20745\" class=\"more-link\">Continue lendo <span class=\"screen-reader-text\">Sindicato repudia agress\u00e3o e amea\u00e7a \u00e0 equipe da RIC TV<\/span> <span class=\"meta-nav\">&rarr;<\/span><\/a><\/p>\n","protected":false},"author":1,"featured_media":0,"comment_status":"open","ping_status":"open","sticky":false,"template":"","format":"standard","meta":{"footnotes":""},"categories":[40],"tags":[204],"_links":{"self":[{"href":"https:\/\/obscom.intervozes.org.br\/index.php?rest_route=\/wp\/v2\/posts\/20745"}],"collection":[{"href":"https:\/\/obscom.intervozes.org.br\/index.php?rest_route=\/wp\/v2\/posts"}],"about":[{"href":"https:\/\/obscom.intervozes.org.br\/index.php?rest_route=\/wp\/v2\/types\/post"}],"author":[{"embeddable":true,"href":"https:\/\/obscom.intervozes.org.br\/index.php?rest_route=\/wp\/v2\/users\/1"}],"replies":[{"embeddable":true,"href":"https:\/\/obscom.intervozes.org.br\/index.php?rest_route=%2Fwp%2Fv2%2Fcomments&post=20745"}],"version-history":[{"count":0,"href":"https:\/\/obscom.intervozes.org.br\/index.php?rest_route=\/wp\/v2\/posts\/20745\/revisions"}],"wp:attachment":[{"href":"https:\/\/obscom.intervozes.org.br\/index.php?rest_route=%2Fwp%2Fv2%2Fmedia&parent=20745"}],"wp:term":[{"taxonomy":"category","embeddable":true,"href":"https:\/\/obscom.intervozes.org.br\/index.php?rest_route=%2Fwp%2Fv2%2Fcategories&post=20745"},{"taxonomy":"post_tag","embeddable":true,"href":"https:\/\/obscom.intervozes.org.br\/index.php?rest_route=%2Fwp%2Fv2%2Ftags&post=20745"}],"curies":[{"name":"wp","href":"https:\/\/api.w.org\/{rel}","templated":true}]}}