{"id":20743,"date":"2008-03-24T10:31:23","date_gmt":"2008-03-24T10:31:23","guid":{"rendered":"https:\/\/obscom.intervozes.org.br\/wordpress\/?p=20743"},"modified":"2008-03-24T10:31:23","modified_gmt":"2008-03-24T10:31:23","slug":"hugo-chavez-anuncia-encontro-que-discutira-terrorismo-midiatico","status":"publish","type":"post","link":"https:\/\/obscom.intervozes.org.br\/?p=20743","title":{"rendered":"Hugo Ch\u00e1vez anuncia encontro que discutir\u00e1 terrorismo midi\u00e1tico"},"content":{"rendered":"<p>Nesta segunda-feira (24), o presidente venezuelano Hugo Ch&aacute;vez anunciou, em Caracas, a realiza&ccedil;&atilde;o de um encontro latino-americano sobre &quot;o terrorismo midi&aacute;tico&quot;. O evento ocorrer&aacute; a partir da pr&oacute;xima quinta-feira at&eacute; o domingo. &quot;&Eacute; preciso discutir temas como este, j&aacute; que o terrorismo midi&aacute;tico utiliza os meios de comunica&ccedil;&atilde;o para gerar guerra, viol&ecirc;ncia, temor e ang&uacute;stia nos povos&quot;, disse Ch&aacute;vez, em um discurso no Pal&aacute;cio de Miraflores, onde presidiu este domingo um conselho de ministros.<\/p>\n<p>De acordo com informa&ccedil;&otilde;es da ag&ecirc;ncia de not&iacute;cias Efe, Freddy Fern&aacute;ndez, diretor da estatal &quot;Ag&ecirc;ncia Bolivariana de Not&iacute;cias&quot;, afirmou que participar&atilde;o do evento jornalistas de 14 pa&iacute;ses latino-americanos. &quot;O objetivo da atividade &eacute; responder &agrave; a&ccedil;&otilde;es empreendidas pela Sociedade Interamericana de Imprensa ao longo dos &uacute;ltimos dez anos, j&aacute; que foi a ponta de lan&ccedil;a da estrat&eacute;gia de domina&ccedil;&atilde;o pretendida pelos Estados Unidos sobre o continente&quot;, disse Fern&aacute;ndez, em declara&ccedil;&otilde;es citadas pela ag&ecirc;ncia.<\/p>\n<p>As informa&ccedil;&otilde;es s&atilde;o do Portal IMPRENSA.<\/p>\n","protected":false},"excerpt":{"rendered":"<p>Nesta segunda-feira (24), o presidente venezuelano Hugo Ch&aacute;vez anunciou, em Caracas, a realiza&ccedil;&atilde;o de um encontro latino-americano sobre &quot;o terrorismo midi&aacute;tico&quot;. O evento ocorrer&aacute; a partir da pr&oacute;xima quinta-feira at&eacute; o domingo. &quot;&Eacute; preciso discutir temas como este, j&aacute; que o terrorismo midi&aacute;tico utiliza os meios de comunica&ccedil;&atilde;o para gerar guerra, viol&ecirc;ncia, temor e ang&uacute;stia &hellip; <a href=\"https:\/\/obscom.intervozes.org.br\/?p=20743\" class=\"more-link\">Continue lendo <span class=\"screen-reader-text\">Hugo Ch\u00e1vez anuncia encontro que discutir\u00e1 terrorismo midi\u00e1tico<\/span> <span class=\"meta-nav\">&rarr;<\/span><\/a><\/p>\n","protected":false},"author":1,"featured_media":0,"comment_status":"open","ping_status":"open","sticky":false,"template":"","format":"standard","meta":{"footnotes":""},"categories":[39],"tags":[],"_links":{"self":[{"href":"https:\/\/obscom.intervozes.org.br\/index.php?rest_route=\/wp\/v2\/posts\/20743"}],"collection":[{"href":"https:\/\/obscom.intervozes.org.br\/index.php?rest_route=\/wp\/v2\/posts"}],"about":[{"href":"https:\/\/obscom.intervozes.org.br\/index.php?rest_route=\/wp\/v2\/types\/post"}],"author":[{"embeddable":true,"href":"https:\/\/obscom.intervozes.org.br\/index.php?rest_route=\/wp\/v2\/users\/1"}],"replies":[{"embeddable":true,"href":"https:\/\/obscom.intervozes.org.br\/index.php?rest_route=%2Fwp%2Fv2%2Fcomments&post=20743"}],"version-history":[{"count":0,"href":"https:\/\/obscom.intervozes.org.br\/index.php?rest_route=\/wp\/v2\/posts\/20743\/revisions"}],"wp:attachment":[{"href":"https:\/\/obscom.intervozes.org.br\/index.php?rest_route=%2Fwp%2Fv2%2Fmedia&parent=20743"}],"wp:term":[{"taxonomy":"category","embeddable":true,"href":"https:\/\/obscom.intervozes.org.br\/index.php?rest_route=%2Fwp%2Fv2%2Fcategories&post=20743"},{"taxonomy":"post_tag","embeddable":true,"href":"https:\/\/obscom.intervozes.org.br\/index.php?rest_route=%2Fwp%2Fv2%2Ftags&post=20743"}],"curies":[{"name":"wp","href":"https:\/\/api.w.org\/{rel}","templated":true}]}}