{"id":20741,"date":"2008-03-21T13:11:25","date_gmt":"2008-03-21T13:11:25","guid":{"rendered":"https:\/\/obscom.intervozes.org.br\/wordpress\/?p=20741"},"modified":"2008-03-21T13:11:25","modified_gmt":"2008-03-21T13:11:25","slug":"cresce-numero-de-politicos-donos-de-emissoras-de-radio-e-tv","status":"publish","type":"post","link":"https:\/\/obscom.intervozes.org.br\/?p=20741","title":{"rendered":"Cresce n\u00famero de pol\u00edticos donos de emissoras de r\u00e1dio e TV"},"content":{"rendered":"<p><em><\/p>\n<p><em>No Brasil, 271 pol&iacute;ticos s&atilde;o s&oacute;cios ou diretores de emissoras de televis&atilde;o e r&aacute;dio &ndash;&nbsp;os meios com maior abrang&ecirc;ncia entre a popula&ccedil;&atilde;o. Especialmente em ano de elei&ccedil;&otilde;es, interesses pol&iacute;ticos e econ&ocirc;micos dos propriet&aacute;rios de ve&iacute;culos de comunica&ccedil;&atilde;o podem afetar diretamente a programa&ccedil;&atilde;o e mesmo a cobertura jornal&iacute;stica dessas empresas, chegando a influenciar no processo eleitoral. Apesar de estar em desacordo com a Constitui&ccedil;&atilde;o Federal, o n&uacute;mero de pol&iacute;ticos empres&aacute;rios da m&iacute;dia s&oacute; vem crescendo. S&atilde;o (ou foram) candidatos privilegiados, porque podem tirar vantagem dessa condi&ccedil;&atilde;o em campanha. O resultado fere a democracia.<\/em><\/p>\n<p><\/em><\/p>\n<p>Dados apurados recentemente pelo Instituto de Estudos e Pesquisas em Comunica&ccedil;&atilde;o (Epcom) revelam que 271 pol&iacute;ticos brasileiros &ndash; contrariando o texto constitucional (artigo n&ordm; 54, cap&iacute;tulo I) &ndash; s&atilde;o s&oacute;cios ou diretores de 348 emissoras de radiodifus&atilde;o (r&aacute;dio e TV). Desses, 147 s&atilde;o prefeitos (54,24%), 48 (17,71%) s&atilde;o deputados federais; 20 (7,38%) s&atilde;o senadores; 55 (20,3%) s&atilde;o deputados estaduais e um &eacute; governador. Esses n&uacute;meros, por&eacute;m, correspondem apenas aos pol&iacute;ticos que possuem v&iacute;nculo direto e oficial com os meios &ndash; n&atilde;o est&atilde;o contabilizadas as rela&ccedil;&otilde;es informais e indiretas (por meio de parentes e laranjas), que caracterizam boa parte das liga&ccedil;&otilde;es entre os pol&iacute;ticos e os meios de comunica&ccedil;&atilde;o no Pa&iacute;s.<\/p>\n<p><img loading=\"lazy\" decoding=\"async\" src=\"http:\/\/www.fndc.org.br\/imagem_materia\/snapshot2.jpg\" alt=\"\" width=\"360\" height=\"221\" \/> <\/p>\n<p>&ldquo;Salta aos olhos a quantidade de prefeitos donos de ve&iacute;culos de comunica&ccedil;&atilde;o. Demonstra a conveni&ecirc;ncia do Executivo em usar esses meios para manter uma rela&ccedil;&atilde;o direta com seu eleitorado&rdquo;, destaca James G&ouml;rgen, pesquisador do Epcom. <\/p>\n<p>Entre as m&iacute;dias mais apreciadas pelos prefeitos, conforme a pesquisa, destacam-se o r&aacute;dio OM (espa&ccedil;o onde acontecem os debates p&uacute;blicos) e as r&aacute;dios comunit&aacute;rias (que permitem a proximidade com a comunidade, a troca di&aacute;ria com o eleitorado, seja por meio da administra&ccedil;&atilde;o da r&aacute;dio, seja pelo controle da programa&ccedil;&atilde;o). &quot;Assim, eles garantem suas bases eleitorais&quot;, avalia G&ouml;rgen. J&aacute; os senadores e deputados aparecem como propriet&aacute;rios de m&iacute;dias com maior cobertura, como as TVs e FMs.<\/p>\n<p>&ldquo;Em ano de elei&ccedil;&otilde;es, &eacute; dif&iacute;cil imaginar que esses pol&iacute;ticos deixem de usar seus pr&oacute;prios meios de comunica&ccedil;&atilde;o para tirar vantagem logo de sa&iacute;da na corrida eleitoral&rdquo;, analisa o pesquisador, dando como exemplo os prefeitos-propriet&aacute;rios, que este ano podem usufruir de temporada maior que a regulamentar da campanha para fazer sua exposi&ccedil;&atilde;o positiva. &ldquo;Isso d&aacute; a eles uma vantagem enorme e representa um risco &agrave; democracia&rdquo;, conclui.<\/p>\n<p>Em rela&ccedil;&atilde;o &agrave;s regi&otilde;es, relativizando as propor&ccedil;&otilde;es de cada uma e a densidade de munic&iacute;pios, a pesquisa confirma a pr&aacute;tica do chamado &ldquo;coronelismo eletr&ocirc;nico&rdquo; concentrado no nordeste brasileiro, onde prevalecem pol&iacute;ticos controlando meios de comunica&ccedil;&atilde;o. <\/p>\n<p>Quanto aos partidos, esses pol&iacute;ticos surgem assim: 58 pertencem ao DEM, 48 ao PMDB, 43 ao PSDB, 23 s&atilde;o do PP, 16 do PTB, 16 do PSB, 14 do PPS, 13 do PDT, 12 do PL e 10 do PT. <\/p>\n<p><img loading=\"lazy\" decoding=\"async\" src=\"http:\/\/www.fndc.org.br\/imagem_materia\/snapshot3.jpg\" alt=\"\" width=\"257\" height=\"204\" \/><\/p>\n<p>Os n&uacute;meros&nbsp;apresentados s&atilde;o resultado do cruzamento de&nbsp;dados da Ag&ecirc;ncia Nacional de Telecomunica&ccedil;&otilde;es (Anatel) com a lista de prefeitos, governadores, deputados e senadores de todo o pa&iacute;s.<\/p>\n<p><strong>Para evitar o coronelismo eletr&ocirc;nico<\/strong><\/p>\n<p>No ano passado, uma subcomiss&atilde;o especial da Comiss&atilde;o de Ci&ecirc;ncia, Tecnologia e Inform&aacute;tica (CCTCI) da C&acirc;mara dos Deputados, analisou os processos de outorga no setor de radiodifus&atilde;o e apresentou, em dezembro, relat&oacute;rio revendo as normas de concess&atilde;o de r&aacute;dio e televis&atilde;o. Uma proposta de Emenda Constitucional foi encaminhada pelo grupo, acrescentando um par&aacute;grafo ao artigo n&ordm; 222 da Constitui&ccedil;&atilde;o, que estabelece: <em>&quot;n&atilde;o poder&aacute; ser propriet&aacute;rio, controlador, gerente ou diretor de empresa de radiodifus&atilde;o sonora e de sons e imagens quem esteja investido em cargo p&uacute;blico ou no gozo de imunidade parlamentar ou de foro especial&quot;<\/em>. <\/p>\n<p>A presidente da subcomiss&atilde;o, deputada Lu&iacute;za Erundina (PSB-SP), explicou, na &eacute;poca, que, como esse artigo ainda n&atilde;o foi regulamentado, os detentores de cargos p&uacute;blicos conseguem burlar a Constitui&ccedil;&atilde;o. Segundo ela, os pol&iacute;ticos utilizam essas brechas para adquirir emissoras.<\/p>\n<p>O coordenador-geral do F&oacute;rum Nacional pela Democratiza&ccedil;&atilde;o da Comunica&ccedil;&atilde;o (FNDC), Celso Augusto Schr&ouml;der, condena a utiliza&ccedil;&atilde;o privada das concess&otilde;es p&uacute;blicas e defende que a lei seja mais clara e que sejam constru&iacute;dos ritos p&uacute;blicos eficientes. <\/p>\n<p>A deputada relatora da proposta, Maria do Carmo Lara (PT-MG) declarou, no relat&oacute;rio, que a propriedade e a dire&ccedil;&atilde;o de emissoras de r&aacute;dio e televis&atilde;o &#39;s&atilde;o incompat&iacute;veis&#39; com a natureza do cargo pol&iacute;tico. <\/p>\n<p>O texto cita ainda um &#39;not&oacute;rio conflito de interesses&#39; dos parlamentares, j&aacute; que os pedidos de renova&ccedil;&atilde;o e de novas outorgas de r&aacute;dio e TV passam pela aprova&ccedil;&atilde;o dos pr&oacute;prios deputados e senadores. A proposi&ccedil;&atilde;o ainda n&atilde;o foi posta em vota&ccedil;&atilde;o.<\/p>\n","protected":false},"excerpt":{"rendered":"<p>Pesquisa realizada pelo Instituto de Estudos e Pesquisas em Comunica\u00e7\u00e3o revela que, no Brasil, 271 pol\u00edticos s\u00e3o s\u00f3cios ou diretores de emissoras de televis\u00e3o e r\u00e1dio, desrespeitando a Constitui\u00e7\u00e3o Federal.<\/p>\n","protected":false},"author":1,"featured_media":0,"comment_status":"open","ping_status":"open","sticky":false,"template":"","format":"standard","meta":{"footnotes":""},"categories":[40],"tags":[106],"_links":{"self":[{"href":"https:\/\/obscom.intervozes.org.br\/index.php?rest_route=\/wp\/v2\/posts\/20741"}],"collection":[{"href":"https:\/\/obscom.intervozes.org.br\/index.php?rest_route=\/wp\/v2\/posts"}],"about":[{"href":"https:\/\/obscom.intervozes.org.br\/index.php?rest_route=\/wp\/v2\/types\/post"}],"author":[{"embeddable":true,"href":"https:\/\/obscom.intervozes.org.br\/index.php?rest_route=\/wp\/v2\/users\/1"}],"replies":[{"embeddable":true,"href":"https:\/\/obscom.intervozes.org.br\/index.php?rest_route=%2Fwp%2Fv2%2Fcomments&post=20741"}],"version-history":[{"count":0,"href":"https:\/\/obscom.intervozes.org.br\/index.php?rest_route=\/wp\/v2\/posts\/20741\/revisions"}],"wp:attachment":[{"href":"https:\/\/obscom.intervozes.org.br\/index.php?rest_route=%2Fwp%2Fv2%2Fmedia&parent=20741"}],"wp:term":[{"taxonomy":"category","embeddable":true,"href":"https:\/\/obscom.intervozes.org.br\/index.php?rest_route=%2Fwp%2Fv2%2Fcategories&post=20741"},{"taxonomy":"post_tag","embeddable":true,"href":"https:\/\/obscom.intervozes.org.br\/index.php?rest_route=%2Fwp%2Fv2%2Ftags&post=20741"}],"curies":[{"name":"wp","href":"https:\/\/api.w.org\/{rel}","templated":true}]}}