{"id":20740,"date":"2008-03-20T18:00:55","date_gmt":"2008-03-20T18:00:55","guid":{"rendered":"https:\/\/obscom.intervozes.org.br\/wordpress\/?p=20740"},"modified":"2008-03-20T18:00:55","modified_gmt":"2008-03-20T18:00:55","slug":"produtores-criticam-reducao-de-cotas-para-conteudo-independente","status":"publish","type":"post","link":"https:\/\/obscom.intervozes.org.br\/?p=20740","title":{"rendered":"Produtores criticam redu\u00e7\u00e3o de cotas para conte\u00fado independente"},"content":{"rendered":"<p><span><span>Em entrevista coletiva concedida na &uacute;ltima quarta-feira (19\/03), o deputado Jorge Bittar (PT-RJ) anunciou mudan&ccedil;as no substitutivo ao PL 29\/2007, que prop&otilde;e uma nova regula&ccedil;&atilde;o dos mercados de produ&ccedil;&atilde;o, programa&ccedil;&atilde;o, empacotamento e distribui&ccedil;&atilde;o de conte&uacute;dos audiovisuais pelas TVs pagas. As altera&ccedil;&otilde;es mais significativas atingem as cotas de veicula&ccedil;&atilde;o de conte&uacute;do nacional e independente, ponto do projeto considerado mais importante por produtores independentes e organiza&ccedil;&otilde;es do campo da comunica&ccedil;&atilde;o e da cultura.<\/p>\n<p><\/span><span>As mudan&ccedil;as, entendidas como uma resposta &agrave; press&atilde;o das programadoras internacionais e das operadoras de TV por assinatura, foram mal recebidas pelos apoiadores do projeto, que, a partir das not&iacute;cias publicadas em ag&ecirc;ncias especializadas, entenderam que as altera&ccedil;&otilde;es reduzir&atilde;o substancialmente as cotas para produ&ccedil;&atilde;o nacional, principalmente a reservada &agrave; produ&ccedil;&atilde;o independente.<\/p>\n<p><\/span><span>Pelo que foi poss&iacute;vel compreender da apresenta&ccedil;&atilde;o de Bittar, as cotas por canal mant&ecirc;m-se em 10% de conte&uacute;do nacional, mas n&atilde;o houve a confirma&ccedil;&atilde;o da obrigatoriedade que constava na vers&atilde;o anterior do projeto de que o material venha de produtora independente. Outra mudan&ccedil;a &eacute; que as cotas de 50% de canais programados por programadoras nacionais foi substitu&iacute;da por uma cota de 25%, nos pacotes b&aacute;sicos, de &ldquo;canais nacionais&rdquo;, chamados de &ldquo;canais BR&rdquo;, que ser&atilde;o listados pela Ancine. Para ser um Canal BR, 40% da programa&ccedil;&atilde;o transmitida dever&aacute; ser nacional, sendo que metade deste percentual (20% do total da programa&ccedil;&atilde;o) dever&aacute; ser de produtoras independentes.<\/p>\n<p><\/span><span>Em entrevista &agrave; <em>Tela Viva News<\/em>, Bittar afirma que as rea&ccedil;&otilde;es negativas ocorreram porque ele foi mal compreendido e esclareceu que o novo substitutivo vir&aacute; com duas cotas ao inv&eacute;s das tr&ecirc;s previstas na vers&atilde;o de dezembro de 2007. O parlamentar explicou que a mudan&ccedil;a foi feita ap&oacute;s a constata&ccedil;&atilde;o que a regra dos 50% para programadoras nacionais, como estava no texto anterior, acabava n&atilde;o gerando nenhum est&iacute;mulo direto &agrave; produ&ccedil;&atilde;o nacional, j&aacute; que nada impedia as programadoras nacionais de montarem um canal apenas com conte&uacute;do internacional.<\/p>\n<p>&ldquo;O que nos interessa &eacute; fomentar o conte&uacute;do nacional. E do jeito que o texto estava, a cota n&atilde;o cumpria essa meta&rdquo;, afirmou Bittar. &ldquo;Por isso, unificamos as duas cotas, o que al&eacute;m de tornar a regra mais simples, gerou uma cota fact&iacute;vel. Estamos pedindo que um quarto dos canais seja de conte&uacute;do nacional e programado por programadoras nacionais&quot;.<\/p>\n<p><\/span><span>Outra altera&ccedil;&atilde;o desenhada a partir da apresenta&ccedil;&atilde;o do deputado carioca ser&aacute; a redu&ccedil;&atilde;o do poder da Ancine dentro do sistema de defesa da concorr&ecirc;ncia. Na nova proposta, a ag&ecirc;ncia n&atilde;o poder&aacute; definir sozinha quais programa&ccedil;&otilde;es s&atilde;o relevantes do ponto de vista concorrencial, mas ter&aacute; que instruir o Cade a analisar tais quest&otilde;es. Pelo texto anterior, a Ancine tinha o poder de, ela pr&oacute;pria, definir esses programas e exigir a distribui&ccedil;&atilde;o ison&ocirc;mica. <\/p>\n<p><\/span><span>Bittar ainda anunciou que elevar&aacute; o percentual permitido de publicidade nas TVs por assinatura, de 15% na proposta divulgada em dezembro para 25% do total de programa&ccedil;&atilde;o transmitida, percentual id&ecirc;ntico ao permitido pelas emissoras de televis&atilde;o aberta, apesar do modelo de neg&oacute;cios da TV por assinatura n&atilde;o ser o mesmo da TV aberta.<\/p>\n<p><\/span><span><strong>Decep&ccedil;&atilde;o geral<\/p>\n<p><\/strong><\/span><span>Baseados na interpreta&ccedil;&atilde;o das mudan&ccedil;as propostas por Bittar, os representantes da produ&ccedil;&atilde;o independente e cinematogr&aacute;fica afirmaram que a nova vers&atilde;o do relat&oacute;rio de Bittar exclui a possibilidade de incentivo real ao mercado audiovisual brasileiro. &ldquo;O estarrecedor nesta proposta &eacute; ter se retirado a men&ccedil;&atilde;o &agrave; produ&ccedil;&atilde;o independente&rdquo;, disse Marco Altberg, conselheiro legislativo da Associa&ccedil;&atilde;o Brasileira de Produtoras Independentes de Televis&atilde;o (ABPI-TV), referindo-se ao fato da cota aplicada aos canais internacionais n&atilde;o mais prever um percentual para essa modalidade de produ&ccedil;&atilde;o. &ldquo;&Eacute; algo inadmiss&iacute;vel&rdquo;, diz.<\/p>\n<p><\/span><span>O presidente do Congresso Brasileiro de Cinema (CBC), Paulo Rufino, diz que, mantidas as propostas apresentadas ontem por Bittar, a ind&uacute;stria audiovisual brasileira &ldquo;ficar&aacute; de fora do relat&oacute;rio&rdquo;. &ldquo;As cotas n&atilde;o s&atilde;o apenas prote&ccedil;&atilde;o do mercado audiovisual, mas tamb&eacute;m ampliam este mercado e os postos de trabalho&rdquo;, comentou. <\/p>\n<p><\/span><span>Rufino tamb&eacute;m ressalta o fato de, al&eacute;m da redu&ccedil;&atilde;o dr&aacute;stica nas porcentagens, as novas propostas de Bittar n&atilde;o salvaguardarem os independentes, mantendo o atual quadro de produ&ccedil;&atilde;o verticalizada, onde as empresas s&atilde;o, ao mesmo tempo, produtoras e distribuidoras do conte&uacute;do audiovisual. &ldquo;O conte&uacute;do nacional protegido pelas cotas tem de ser da produ&ccedil;&atilde;o independente. Sen&atilde;o, chegaremos num quadro onde as emissoras da TV aberta v&atilde;o fornecer conte&uacute;do para o cabo para cumprir as cotas&rdquo;, afirmou Rufino.<\/p>\n<p><\/span><span>Tanto a ABPITV como o CBC enviar&atilde;o mensagens ao deputado Bittar solicitando uma audi&ecirc;ncia ainda antes da apresenta&ccedil;&atilde;o do relat&oacute;rio &agrave; Comiss&atilde;o de Ci&ecirc;ncia e Tecnologia, Comunica&ccedil;&atilde;o e Inform&aacute;tica da C&acirc;mara dos Deputados (CCTCI). &ldquo;Vamos pressionar o relator e tamb&eacute;m os demais deputados que passar&atilde;o a avaliar o projeto&rdquo;, diz Altberg. Bittar deve encaminhar o relat&oacute;rio &agrave; CCTCI nas primeiras semanas de abril.<\/p>\n<p><\/span><span><strong>Di&aacute;logo incompleto<\/p>\n<p><\/strong><\/span><span>Poucas horas antes de anunciar as mudan&ccedil;as no projeto, Bittar recebeu representantes de organiza&ccedil;&otilde;es da sociedade civil, que entregaram ao deputado um manifesto em apoio &agrave;s cotas para a produ&ccedil;&atilde;o nacional e independente nas TVs por assinatura. O texto foi assinado por 36 entidades, entre elas o Congresso Brasileiro de Cinema (CBC), a Associa&ccedil;&atilde;o Brasileira de Produtoras Independentes de Televis&atilde;o (ABPITV), a Associa&ccedil;&atilde;o Brasileira de Canais Comunit&aacute;rios (ABCCOM), a Associa&ccedil;&atilde;o Brasileira das Emissoras P&uacute;blicas, Educativas e Culturais (Abepec), a Campanha Quem Financia a Baixaria &eacute; Contra a Cidadania, a Federa&ccedil;&atilde;o Interestadual dos Trabalhadores em Radiodifus&atilde;o e Televis&atilde;o (Fitert), a Associa&ccedil;&atilde;o Brasileira de ONGs (Abong) e o Intervozes &ndash; Coletivo Brasil de Comunica&ccedil;&atilde;o Social, entre outras. <\/p>\n<p><\/span><span>Durante a entrega do manifesto, Bittar n&atilde;o revelou &agrave;s organiza&ccedil;&otilde;es que, minutos depois, anunciaria mudan&ccedil;as substanciais nas cotas previstas para a produ&ccedil;&atilde;o nacional e independente, o que causou grande desconforto entre as entidades. &ldquo;As 36 organiza&ccedil;&otilde;es signat&aacute;rias do manifesto s&atilde;o representativas da &aacute;rea das comunica&ccedil;&otilde;es e da produ&ccedil;&atilde;o audiovisual, e est&aacute;vamos l&aacute; para manifestar apoio &agrave;quilo que consideramos ser o cora&ccedil;&atilde;o do PL 29, que &eacute; quest&atilde;o das cotas. Se ele j&aacute; havia consolidado as mudan&ccedil;as, deveria ter nos comunicado naquele momento&rdquo;, diz Br&aacute;ulio Ribeiro, representante do Intervozes no encontro.&nbsp;<\/span><span>&nbsp;<\/span><\/span><\/p>\n","protected":false},"excerpt":{"rendered":"<p>Redu\u00e7\u00e3o das obriga\u00e7\u00f5es das TVs por assinatura em rela\u00e7\u00e3o \u00e0s cotas para produ\u00e7\u00e3o nacional e independente gera desconforto e apreens\u00e3o nas organiza\u00e7\u00f5es que representam os produtores audiovisuais brasileiros.<\/p>\n","protected":false},"author":1,"featured_media":0,"comment_status":"open","ping_status":"open","sticky":false,"template":"","format":"standard","meta":{"footnotes":""},"categories":[40],"tags":[556],"_links":{"self":[{"href":"https:\/\/obscom.intervozes.org.br\/index.php?rest_route=\/wp\/v2\/posts\/20740"}],"collection":[{"href":"https:\/\/obscom.intervozes.org.br\/index.php?rest_route=\/wp\/v2\/posts"}],"about":[{"href":"https:\/\/obscom.intervozes.org.br\/index.php?rest_route=\/wp\/v2\/types\/post"}],"author":[{"embeddable":true,"href":"https:\/\/obscom.intervozes.org.br\/index.php?rest_route=\/wp\/v2\/users\/1"}],"replies":[{"embeddable":true,"href":"https:\/\/obscom.intervozes.org.br\/index.php?rest_route=%2Fwp%2Fv2%2Fcomments&post=20740"}],"version-history":[{"count":0,"href":"https:\/\/obscom.intervozes.org.br\/index.php?rest_route=\/wp\/v2\/posts\/20740\/revisions"}],"wp:attachment":[{"href":"https:\/\/obscom.intervozes.org.br\/index.php?rest_route=%2Fwp%2Fv2%2Fmedia&parent=20740"}],"wp:term":[{"taxonomy":"category","embeddable":true,"href":"https:\/\/obscom.intervozes.org.br\/index.php?rest_route=%2Fwp%2Fv2%2Fcategories&post=20740"},{"taxonomy":"post_tag","embeddable":true,"href":"https:\/\/obscom.intervozes.org.br\/index.php?rest_route=%2Fwp%2Fv2%2Ftags&post=20740"}],"curies":[{"name":"wp","href":"https:\/\/api.w.org\/{rel}","templated":true}]}}