{"id":20739,"date":"2008-03-20T16:59:01","date_gmt":"2008-03-20T16:59:01","guid":{"rendered":"https:\/\/obscom.intervozes.org.br\/wordpress\/?p=20739"},"modified":"2008-03-20T16:59:01","modified_gmt":"2008-03-20T16:59:01","slug":"cctci-da-camara-cria-subcomissao-de-radiodifusao","status":"publish","type":"post","link":"https:\/\/obscom.intervozes.org.br\/?p=20739","title":{"rendered":"CCTCI da C\u00e2mara cria Subcomiss\u00e3o de Radiodifus\u00e3o"},"content":{"rendered":"<p><span>A Comiss&atilde;o de Ci&ecirc;ncia e Tecnologia, Comunica&ccedil;&atilde;o e Inform&aacute;tica da C&acirc;mara criou nesta quarta-feira (19\/03), uma Subcomiss&atilde;o Permanente de Radiodifus&atilde;o.&nbsp;<\/span><span>O requerimento para a cria&ccedil;&atilde;o da subcomiss&atilde;o foi assinado pelos deputados Jos&eacute; Rocha (PP-BA), Paulo Roberto (PTB-RS) e Paulo Bornhausen (DEM-SC).&nbsp;<\/p>\n<p><\/span><\/p>\n<p style=\"margin: 0cm 0cm 0pt\" class=\"MsoNormal\"><span>Apesar da aprova&ccedil;&atilde;o pela CCTCI, ainda n&atilde;o se sabe exatamente quais ser&atilde;o&nbsp;as prerrogativas da subcomiss&atilde;o.<\/span><\/p>\n","protected":false},"excerpt":{"rendered":"<p>A Comiss&atilde;o de Ci&ecirc;ncia e Tecnologia, Comunica&ccedil;&atilde;o e Inform&aacute;tica da C&acirc;mara criou nesta quarta-feira (19\/03), uma Subcomiss&atilde;o Permanente de Radiodifus&atilde;o.&nbsp;O requerimento para a cria&ccedil;&atilde;o da subcomiss&atilde;o foi assinado pelos deputados Jos&eacute; Rocha (PP-BA), Paulo Roberto (PTB-RS) e Paulo Bornhausen (DEM-SC).&nbsp; Apesar da aprova&ccedil;&atilde;o pela CCTCI, ainda n&atilde;o se sabe exatamente quais ser&atilde;o&nbsp;as prerrogativas da subcomiss&atilde;o.<\/p>\n","protected":false},"author":1,"featured_media":0,"comment_status":"open","ping_status":"open","sticky":false,"template":"","format":"standard","meta":{"footnotes":""},"categories":[39],"tags":[],"_links":{"self":[{"href":"https:\/\/obscom.intervozes.org.br\/index.php?rest_route=\/wp\/v2\/posts\/20739"}],"collection":[{"href":"https:\/\/obscom.intervozes.org.br\/index.php?rest_route=\/wp\/v2\/posts"}],"about":[{"href":"https:\/\/obscom.intervozes.org.br\/index.php?rest_route=\/wp\/v2\/types\/post"}],"author":[{"embeddable":true,"href":"https:\/\/obscom.intervozes.org.br\/index.php?rest_route=\/wp\/v2\/users\/1"}],"replies":[{"embeddable":true,"href":"https:\/\/obscom.intervozes.org.br\/index.php?rest_route=%2Fwp%2Fv2%2Fcomments&post=20739"}],"version-history":[{"count":0,"href":"https:\/\/obscom.intervozes.org.br\/index.php?rest_route=\/wp\/v2\/posts\/20739\/revisions"}],"wp:attachment":[{"href":"https:\/\/obscom.intervozes.org.br\/index.php?rest_route=%2Fwp%2Fv2%2Fmedia&parent=20739"}],"wp:term":[{"taxonomy":"category","embeddable":true,"href":"https:\/\/obscom.intervozes.org.br\/index.php?rest_route=%2Fwp%2Fv2%2Fcategories&post=20739"},{"taxonomy":"post_tag","embeddable":true,"href":"https:\/\/obscom.intervozes.org.br\/index.php?rest_route=%2Fwp%2Fv2%2Ftags&post=20739"}],"curies":[{"name":"wp","href":"https:\/\/api.w.org\/{rel}","templated":true}]}}