{"id":20738,"date":"2008-03-20T16:57:42","date_gmt":"2008-03-20T16:57:42","guid":{"rendered":"https:\/\/obscom.intervozes.org.br\/wordpress\/?p=20738"},"modified":"2008-03-20T16:57:42","modified_gmt":"2008-03-20T16:57:42","slug":"inscricoes-para-seminarios-da-fenaj-terminam-na-proxima-semana","status":"publish","type":"post","link":"https:\/\/obscom.intervozes.org.br\/?p=20738","title":{"rendered":"Inscri\u00e7\u00f5es para semin\u00e1rios da Fenaj terminam na pr\u00f3xima semana"},"content":{"rendered":"<p><span><span>Na semana que vem se encerra o prazo para inscri&ccedil;&otilde;es em dois semin&aacute;rios organizados pela Federa&ccedil;&atilde;o Nacional dos Jornalistas (Fenaj), al&eacute;m da reuni&atilde;o do conselho de representantes da entidade. O I Semin&aacute;rio sobre o Conhecimento do Jornalismo e o II Semin&aacute;rio do Programa Nacional de Est&iacute;mulo &agrave; Qualidade do Ensino de Jornalismo e do Est&aacute;gio Acad&ecirc;mico acontecem de 27 a 30\/03, em Florian&oacute;polis.<\/span><span>&nbsp;<\/p>\n<p><\/span><span>O primeiro semin&aacute;rio debater&aacute; a aplica&ccedil;&atilde;o do conhecimento do jornalismo, e o segundo reunir&aacute; propostas para atualiza&ccedil;&atilde;o do Programa Nacional de Projetos de Est&aacute;gio Acad&ecirc;mico 2006 e do Programa de Est&iacute;mulo &agrave; Qualidade de Ensino 2004. As id&eacute;ias ser&atilde;o encaminhadas para o XXXIII Congresso Nacional dos Jornalistas, em agosto em S&atilde;o Paulo.<\/span><span>&nbsp;<\/p>\n<p><\/span><span>A confer&ecirc;ncia de abertura ser&aacute; ministrada pelo professor Nilson Lage. Programa&ccedil;&atilde;o e inscri&ccedil;&otilde;es podem ser encontradas em <a href=\"http:\/\/www.fenaj.org.br\/\">www.fenaj.org.br<\/a><\/span><span>&nbsp; ou <a href=\"http:\/\/www.sjsc.org.br\/\">www.sjsc.org.br<\/a>.<\/span> <\/p>\n<p>As informa&ccedil;&otilde;es s&atilde;o do Comunique-se.<\/p>\n<p><\/span><\/p>\n","protected":false},"excerpt":{"rendered":"<p>Na semana que vem se encerra o prazo para inscri&ccedil;&otilde;es em dois semin&aacute;rios organizados pela Federa&ccedil;&atilde;o Nacional dos Jornalistas (Fenaj), al&eacute;m da reuni&atilde;o do conselho de representantes da entidade. O I Semin&aacute;rio sobre o Conhecimento do Jornalismo e o II Semin&aacute;rio do Programa Nacional de Est&iacute;mulo &agrave; Qualidade do Ensino de Jornalismo e do Est&aacute;gio &hellip; <a href=\"https:\/\/obscom.intervozes.org.br\/?p=20738\" class=\"more-link\">Continue lendo <span class=\"screen-reader-text\">Inscri\u00e7\u00f5es para semin\u00e1rios da Fenaj terminam na pr\u00f3xima semana<\/span> <span class=\"meta-nav\">&rarr;<\/span><\/a><\/p>\n","protected":false},"author":1,"featured_media":0,"comment_status":"open","ping_status":"open","sticky":false,"template":"","format":"standard","meta":{"footnotes":""},"categories":[39],"tags":[],"_links":{"self":[{"href":"https:\/\/obscom.intervozes.org.br\/index.php?rest_route=\/wp\/v2\/posts\/20738"}],"collection":[{"href":"https:\/\/obscom.intervozes.org.br\/index.php?rest_route=\/wp\/v2\/posts"}],"about":[{"href":"https:\/\/obscom.intervozes.org.br\/index.php?rest_route=\/wp\/v2\/types\/post"}],"author":[{"embeddable":true,"href":"https:\/\/obscom.intervozes.org.br\/index.php?rest_route=\/wp\/v2\/users\/1"}],"replies":[{"embeddable":true,"href":"https:\/\/obscom.intervozes.org.br\/index.php?rest_route=%2Fwp%2Fv2%2Fcomments&post=20738"}],"version-history":[{"count":0,"href":"https:\/\/obscom.intervozes.org.br\/index.php?rest_route=\/wp\/v2\/posts\/20738\/revisions"}],"wp:attachment":[{"href":"https:\/\/obscom.intervozes.org.br\/index.php?rest_route=%2Fwp%2Fv2%2Fmedia&parent=20738"}],"wp:term":[{"taxonomy":"category","embeddable":true,"href":"https:\/\/obscom.intervozes.org.br\/index.php?rest_route=%2Fwp%2Fv2%2Fcategories&post=20738"},{"taxonomy":"post_tag","embeddable":true,"href":"https:\/\/obscom.intervozes.org.br\/index.php?rest_route=%2Fwp%2Fv2%2Ftags&post=20738"}],"curies":[{"name":"wp","href":"https:\/\/api.w.org\/{rel}","templated":true}]}}