{"id":20732,"date":"2008-03-19T19:02:38","date_gmt":"2008-03-19T19:02:38","guid":{"rendered":"https:\/\/obscom.intervozes.org.br\/wordpress\/?p=20732"},"modified":"2008-03-19T19:02:38","modified_gmt":"2008-03-19T19:02:38","slug":"pf-fecha-30-radios-sem-autorizacao-movimento-protesta","status":"publish","type":"post","link":"https:\/\/obscom.intervozes.org.br\/?p=20732","title":{"rendered":"PF fecha 30 r\u00e1dios sem autoriza\u00e7\u00e3o; movimento protesta"},"content":{"rendered":"<p>A Pol&iacute;cia Federal (PF) tirou do ar ontem 30 r&aacute;dios que estavam operando sem autoriza&ccedil;&atilde;o do Minist&eacute;rio das Comunica&ccedil;&otilde;es no Recife, Olinda e Jaboat&atilde;o dos Guararapes, na Regi&atilde;o Metropolitana, al&eacute;m das cidades de Catende, na Mata Sul, Limoeiro e Caruaru, no Agreste. A opera&ccedil;&atilde;o denominada &ldquo;Seguran&ccedil;a no Ar&rdquo; cumpriu 56 mandados de busca e apreens&atilde;o expedidos pela Justi&ccedil;a Federal e teve o apoio de fiscais da Ag&ecirc;ncia Nacional de Telecomunica&ccedil;&otilde;es (Anatel). Quatro pessoas foram detidas, mas todas foram liberadas ap&oacute;s prestarem depoimento.<\/p>\n<p>Apesar de j&aacute; desmentida por diversos engenheiros especialistas em telecomunica&ccedil;&otilde;es, a PF voltou a afirmar que as emissoras eram respons&aacute;veis por interfer&ecirc;ncias do sinal das r&aacute;dios no controle de tr&aacute;fego a&eacute;reo do Aeroporto Internacional do Recife. &ldquo;Recebemos um comunicado do Centro Integrado de Defesa A&eacute;rea e Controle de Tr&aacute;fego A&eacute;reo (Cindacta) informando que o sinal da R&aacute;dio Alfa e &Ocirc;mega, no Jord&atilde;o Baixo, Zona Sul, estava interferindo no contato com as aeronaves&rdquo;, disse o assessor de comunica&ccedil;&atilde;o da Pol&iacute;cia Federal, Giovani Santoro.<\/p>\n<p>O diretor de programa&ccedil;&atilde;o da Alternativa FM,&nbsp;considerou constrangedora a a&ccedil;&atilde;o da Pol&iacute;cia Federal. Segundo ele, a Alternativa FM tem uma linha de programas voltados para a conviv&ecirc;ncia solid&aacute;ria, a valoriza&ccedil;&atilde;o das caracter&iacute;sticas da popula&ccedil;&atilde;o local e o incentivo &agrave;s minorias. &ldquo;Abrimos espa&ccedil;o para crian&ccedil;as, adolescentes, deficientes e anci&atilde;os decidirem o que eles querem ouvir. Fomos surpreendidos por essa a&ccedil;&atilde;o, como se f&ocirc;ssemos bandidos&rdquo;, afirmou o diretor de programa&ccedil;&atilde;o.<\/p>\n<p>A Alternativa FM n&atilde;o teve o transmissor apreendido porque desde setembro de 2007 obteve uma liminar que garante sua manuten&ccedil;&atilde;o no ar. A r&aacute;dio foi fundada em 2004 e possui um transmissor que tem capacidade para levar a programa&ccedil;&atilde;o da emissora a um raio de 3,5 quil&ocirc;metros da esta&ccedil;&atilde;o.<\/p>\n<p>Para a coordenadora regional da Associa&ccedil;&atilde;o Brasileira de R&aacute;dios Comunit&aacute;rias (Abraco), Manina Aguiar, a opera&ccedil;&atilde;o da Pol&iacute;cia Federal foi mais uma tentativa de criminalizar os movimentos sociais em Pernambuco. Conforme Manina, as r&aacute;dios comunit&aacute;rias lutam pela difus&atilde;o da cultura popular aut&ecirc;ntica e valorizam o cotidiano da popula&ccedil;&atilde;o que as rodeiam.<\/p>\n<p>&ldquo;As r&aacute;dios comunit&aacute;rias n&atilde;o querem permanecer sem registro. Muitas est&atilde;o aguardando h&aacute; anos um posicionamento da Anatel e do Minist&eacute;rio das Comunica&ccedil;&otilde;es, mas s&oacute; encontram burocracia nesse processo. S&oacute; as r&aacute;dios que pertencem a pol&iacute;ticos e se travestem de comunit&aacute;rias &eacute; que ganham a concess&atilde;o nesse Pa&iacute;s&rdquo;, avaliou a coordenadora.<\/p>\n<p>* Com informa&ccedil;&otilde;es do Jornal do Comm&eacute;rcio.<\/p>\n","protected":false},"excerpt":{"rendered":"<p>A Pol&iacute;cia Federal (PF) tirou do ar ontem 30 r&aacute;dios que estavam operando sem autoriza&ccedil;&atilde;o do Minist&eacute;rio das Comunica&ccedil;&otilde;es no Recife, Olinda e Jaboat&atilde;o dos Guararapes, na Regi&atilde;o Metropolitana, al&eacute;m das cidades de Catende, na Mata Sul, Limoeiro e Caruaru, no Agreste. A opera&ccedil;&atilde;o denominada &ldquo;Seguran&ccedil;a no Ar&rdquo; cumpriu 56 mandados de busca e apreens&atilde;o &hellip; <a href=\"https:\/\/obscom.intervozes.org.br\/?p=20732\" class=\"more-link\">Continue lendo <span class=\"screen-reader-text\">PF fecha 30 r\u00e1dios sem autoriza\u00e7\u00e3o; movimento protesta<\/span> <span class=\"meta-nav\">&rarr;<\/span><\/a><\/p>\n","protected":false},"author":1,"featured_media":0,"comment_status":"open","ping_status":"open","sticky":false,"template":"","format":"standard","meta":{"footnotes":""},"categories":[40],"tags":[607],"_links":{"self":[{"href":"https:\/\/obscom.intervozes.org.br\/index.php?rest_route=\/wp\/v2\/posts\/20732"}],"collection":[{"href":"https:\/\/obscom.intervozes.org.br\/index.php?rest_route=\/wp\/v2\/posts"}],"about":[{"href":"https:\/\/obscom.intervozes.org.br\/index.php?rest_route=\/wp\/v2\/types\/post"}],"author":[{"embeddable":true,"href":"https:\/\/obscom.intervozes.org.br\/index.php?rest_route=\/wp\/v2\/users\/1"}],"replies":[{"embeddable":true,"href":"https:\/\/obscom.intervozes.org.br\/index.php?rest_route=%2Fwp%2Fv2%2Fcomments&post=20732"}],"version-history":[{"count":0,"href":"https:\/\/obscom.intervozes.org.br\/index.php?rest_route=\/wp\/v2\/posts\/20732\/revisions"}],"wp:attachment":[{"href":"https:\/\/obscom.intervozes.org.br\/index.php?rest_route=%2Fwp%2Fv2%2Fmedia&parent=20732"}],"wp:term":[{"taxonomy":"category","embeddable":true,"href":"https:\/\/obscom.intervozes.org.br\/index.php?rest_route=%2Fwp%2Fv2%2Fcategories&post=20732"},{"taxonomy":"post_tag","embeddable":true,"href":"https:\/\/obscom.intervozes.org.br\/index.php?rest_route=%2Fwp%2Fv2%2Ftags&post=20732"}],"curies":[{"name":"wp","href":"https:\/\/api.w.org\/{rel}","templated":true}]}}