{"id":20726,"date":"2008-03-19T13:54:46","date_gmt":"2008-03-19T13:54:46","guid":{"rendered":"https:\/\/obscom.intervozes.org.br\/wordpress\/?p=20726"},"modified":"2008-03-19T13:54:46","modified_gmt":"2008-03-19T13:54:46","slug":"ministerio-publico-questiona-nomeacao-para-conselho-consultivo","status":"publish","type":"post","link":"https:\/\/obscom.intervozes.org.br\/?p=20726","title":{"rendered":"Minist\u00e9rio P\u00fablico questiona nomea\u00e7\u00e3o para Conselho Consultivo"},"content":{"rendered":"<p><em>Amigo do presidente Lula, novo integrante do Conselho Consultivo da ag&ecirc;ncia tamb&eacute;m &eacute; funcion&aacute;rio da Brasil Telecom. Minist&eacute;rio P&uacute;blico v&ecirc; risco &agrave; independ&ecirc;ncia na atua&ccedil;&atilde;o; novo conselheiro diz que v&iacute;nculo com a empresa &quot;n&atilde;o o anula como cidad&atilde;o&quot;.<\/p>\n<p><\/em>O procurador da Rep&uacute;blica Duciran Marcen Farena, da Para&iacute;ba, coordenador do grupo de trabalho do setor de telefonia do Minist&eacute;rio P&uacute;blico Federal, abriu processo administrativo sobre a nomea&ccedil;&atilde;o do sindicalista Jos&eacute; Zunga Alves de Lima para o Conselho Consultivo da Anatel (Ag&ecirc;ncia Nacional de Telecomunica&ccedil;&otilde;es). Ele e mais quatro conselheiros tomaram posse ontem nos cargos.<\/p>\n<p>Sindicalista, fundador do PT e da CUT (Central &Uacute;nica dos Trabalhadores) e amigo do presidente Lula, Zunga ocupar&aacute; a vaga de representante da sociedade no conselho da Anatel. Sua nomea&ccedil;&atilde;o &eacute; questionada por ele ser gerente de Rela&ccedil;&otilde;es N&atilde;o-Governamentais da companhia Brasil Telecom.<\/p>\n<p>Segundo Farena, Zunga n&atilde;o poderia ser conselheiro do &oacute;rg&atilde;o regulador, na condi&ccedil;&atilde;o de representante da sociedade civil, sendo funcion&aacute;rio da empresa de telefonia. Na avalia&ccedil;&atilde;o do procurador, ele n&atilde;o teria independ&ecirc;ncia para opinar sobre a mudan&ccedil;a nas regras do setor para permitir a aquisi&ccedil;&atilde;o da BrT pela O (ex-Telemar).<\/p>\n<p>Em 2002, o Minist&eacute;rio P&uacute;blico Federal de Pernambuco abriu processo semelhante contra a nomea&ccedil;&atilde;o do ent&atilde;o presidente da Telemar, Jos&eacute; Fernandes Pauletti, para o Conselho Consultivo da Anatel, tamb&eacute;m na vaga destinada a representante da sociedade civil. Tamb&eacute;m foi questionado, na mesma ocasi&atilde;o, o ex-presidente da Associa&ccedil;&atilde;o Telebrasil (representante de empresas do setor de telecom), Cleofas Uchoa, para a vaga dos consumidores. Os dois se demitiram para n&atilde;o serem afastados pela Justi&ccedil;a.<\/p>\n<p>Jos&eacute; Zunga &eacute; presidente do Instituto Observat&oacute;rio Social de Telecomunica&ccedil;&otilde;es e ex-presidente da Fittel (Federa&ccedil;&atilde;o Interestadual de Trabalhadores em Telecomunica&ccedil;&otilde;es). Seu mandato no conselho vai at&eacute; fevereiro de 2011.<\/p>\n<p>O conselho n&atilde;o tem poder de decis&atilde;o na Anatel e funciona como &oacute;rg&atilde;o de assessoramento do conselho diretor. Ele ser&aacute; ouvido sobre a mudan&ccedil;a do PGO (Plano Geral de Outorgas) da telefonia fixa para permitir a compra da BrT pela Oi.<\/p>\n<p>A Abrafix (entidade representante das operadoras de telefonia fixa) pediu formalmente &agrave; Anatel a altera&ccedil;&atilde;o do PGO para permitir a compra da Brasil Telecom pela Oi. O pedido est&aacute; em fase de an&aacute;lise t&eacute;cnica no &oacute;rg&atilde;o regulador.<\/p>\n<p>O procurador Duciran Farena entende que funcion&aacute;rios de companhias telef&ocirc;nicas n&atilde;o podem ocupar vagas destinadas &agrave; sociedade ou a consumidores porque as empresas j&aacute; t&ecirc;m representantes pr&oacute;prios no conselho. Al&eacute;m de Zunga, assumiram Igor Vilas Boas, diretor de Ind&uacute;stria, Ci&ecirc;ncia e Tecnologia do Minist&eacute;rio das Comunica&ccedil;&otilde;es (representando o Executivo), Amadeu de Castro (representante do Senado), Israel Bayma (representante da C&acirc;mara) e Ricardo Sanches, presidente da Associa&ccedil;&atilde;o Brasileira de Pequenos Provedores de Internet e Telecomunica&ccedil;&otilde;es (Abrappit), em uma das vagas destinadas a empresas. Restar&atilde;o mais quatro vagas a serem preenchidas.<\/p>\n<p><strong>Outro lado<\/p>\n<p><\/strong>Zunga nega que v&aacute; representar interesses da Brasil Telecom. Ele diz que foi empregado da Telebras&iacute;lia (ex-estatal do Sistema Telebras) por 18 anos, antes de ela ser incorporada &agrave; BrT e privatizada, em 1998. Desde ent&atilde;o, &eacute; funcion&aacute;rio da BrT. &quot;&quot;O fato de ter v&iacute;nculo empregat&iacute;cio com a empresa n&atilde;o me anula como cidad&atilde;o&quot;, diz Zunga, que &eacute; diretor do Sindicato dos Trabalhadores em Telecomunica&ccedil;&otilde;es de Goi&aacute;s.<\/p>\n","protected":false},"excerpt":{"rendered":"<p>Amigo do presidente Lula, novo integrante do Conselho Consultivo da ag&ecirc;ncia tamb&eacute;m &eacute; funcion&aacute;rio da Brasil Telecom. Minist&eacute;rio P&uacute;blico v&ecirc; risco &agrave; independ&ecirc;ncia na atua&ccedil;&atilde;o; novo conselheiro diz que v&iacute;nculo com a empresa &quot;n&atilde;o o anula como cidad&atilde;o&quot;. O procurador da Rep&uacute;blica Duciran Marcen Farena, da Para&iacute;ba, coordenador do grupo de trabalho do setor de &hellip; <a href=\"https:\/\/obscom.intervozes.org.br\/?p=20726\" class=\"more-link\">Continue lendo <span class=\"screen-reader-text\">Minist\u00e9rio P\u00fablico questiona nomea\u00e7\u00e3o para Conselho Consultivo<\/span> <span class=\"meta-nav\">&rarr;<\/span><\/a><\/p>\n","protected":false},"author":1,"featured_media":0,"comment_status":"open","ping_status":"open","sticky":false,"template":"","format":"standard","meta":{"footnotes":""},"categories":[40],"tags":[152],"_links":{"self":[{"href":"https:\/\/obscom.intervozes.org.br\/index.php?rest_route=\/wp\/v2\/posts\/20726"}],"collection":[{"href":"https:\/\/obscom.intervozes.org.br\/index.php?rest_route=\/wp\/v2\/posts"}],"about":[{"href":"https:\/\/obscom.intervozes.org.br\/index.php?rest_route=\/wp\/v2\/types\/post"}],"author":[{"embeddable":true,"href":"https:\/\/obscom.intervozes.org.br\/index.php?rest_route=\/wp\/v2\/users\/1"}],"replies":[{"embeddable":true,"href":"https:\/\/obscom.intervozes.org.br\/index.php?rest_route=%2Fwp%2Fv2%2Fcomments&post=20726"}],"version-history":[{"count":0,"href":"https:\/\/obscom.intervozes.org.br\/index.php?rest_route=\/wp\/v2\/posts\/20726\/revisions"}],"wp:attachment":[{"href":"https:\/\/obscom.intervozes.org.br\/index.php?rest_route=%2Fwp%2Fv2%2Fmedia&parent=20726"}],"wp:term":[{"taxonomy":"category","embeddable":true,"href":"https:\/\/obscom.intervozes.org.br\/index.php?rest_route=%2Fwp%2Fv2%2Fcategories&post=20726"},{"taxonomy":"post_tag","embeddable":true,"href":"https:\/\/obscom.intervozes.org.br\/index.php?rest_route=%2Fwp%2Fv2%2Ftags&post=20726"}],"curies":[{"name":"wp","href":"https:\/\/api.w.org\/{rel}","templated":true}]}}