{"id":20723,"date":"2008-03-19T13:44:45","date_gmt":"2008-03-19T13:44:45","guid":{"rendered":"https:\/\/obscom.intervozes.org.br\/wordpress\/?p=20723"},"modified":"2008-03-19T13:44:45","modified_gmt":"2008-03-19T13:44:45","slug":"produtores-audiovisuais-do-df-terao-associacao","status":"publish","type":"post","link":"https:\/\/obscom.intervozes.org.br\/?p=20723","title":{"rendered":"Produtores audiovisuais do DF ter\u00e3o associa\u00e7\u00e3o"},"content":{"rendered":"<p>No fim de abril deve ser lan&ccedil;ada oficialmente a Associa&ccedil;&atilde;o de Produtores Audiovisuais de Bras&iacute;lia. A entidade reunir&aacute; cerca de 20 produtoras do Distrito Federal. A primeira a&ccedil;&atilde;o do grupo ser&aacute; o lan&ccedil;amento de campanhas para chamar a aten&ccedil;&atilde;o do governo federal para o mercado de produ&ccedil;&atilde;o audiovisual de Bras&iacute;lia. Segundo o diretor da produtora Fabrika, Jos&eacute; Luiz Nogueira, a id&eacute;ia &eacute; mostrar que a regi&atilde;o tem empresas com capacidade de atend&ecirc;-lo com qualidade.<\/p>\n<p>Nogueira pondera que atualmente parte das ag&ecirc;ncias contratadas pelo governo federal est&aacute; em pra&ccedil;as como S&atilde;o Paulo, Belo Horizonte e Rio de Janeiro. Isso, de acordo com ele, faz com que a contrata&ccedil;&atilde;o de produtoras de &aacute;udio e v&iacute;deo seja feita nesses mercados e impossibilita que as empresas de Bras&iacute;lia se candidatem para realiza&ccedil;&atilde;o das produ&ccedil;&otilde;es audiovisuais do governo. &quot;Queremos mudar essa realidade. Temos capacidade t&eacute;cnica e profissionais de&nbsp; qualidade para atender a demanda de um cliente t&atilde;o importante quanto o governo federal&quot;, diz.<\/p>\n<p>Al&eacute;m das campanhas sobre o potencial de produ&ccedil;&atilde;o das empresas instaladas em Bras&iacute;lia, a associa&ccedil;&atilde;o desenvolver&aacute; a&ccedil;&otilde;es de forma&ccedil;&atilde;o e qualifica&ccedil;&atilde;o dos profissionais do setor.<\/p>\n","protected":false},"excerpt":{"rendered":"<p>No fim de abril deve ser lan&ccedil;ada oficialmente a Associa&ccedil;&atilde;o de Produtores Audiovisuais de Bras&iacute;lia. A entidade reunir&aacute; cerca de 20 produtoras do Distrito Federal. A primeira a&ccedil;&atilde;o do grupo ser&aacute; o lan&ccedil;amento de campanhas para chamar a aten&ccedil;&atilde;o do governo federal para o mercado de produ&ccedil;&atilde;o audiovisual de Bras&iacute;lia. Segundo o diretor da produtora &hellip; <a href=\"https:\/\/obscom.intervozes.org.br\/?p=20723\" class=\"more-link\">Continue lendo <span class=\"screen-reader-text\">Produtores audiovisuais do DF ter\u00e3o associa\u00e7\u00e3o<\/span> <span class=\"meta-nav\">&rarr;<\/span><\/a><\/p>\n","protected":false},"author":1,"featured_media":0,"comment_status":"open","ping_status":"open","sticky":false,"template":"","format":"standard","meta":{"footnotes":""},"categories":[40],"tags":[684],"_links":{"self":[{"href":"https:\/\/obscom.intervozes.org.br\/index.php?rest_route=\/wp\/v2\/posts\/20723"}],"collection":[{"href":"https:\/\/obscom.intervozes.org.br\/index.php?rest_route=\/wp\/v2\/posts"}],"about":[{"href":"https:\/\/obscom.intervozes.org.br\/index.php?rest_route=\/wp\/v2\/types\/post"}],"author":[{"embeddable":true,"href":"https:\/\/obscom.intervozes.org.br\/index.php?rest_route=\/wp\/v2\/users\/1"}],"replies":[{"embeddable":true,"href":"https:\/\/obscom.intervozes.org.br\/index.php?rest_route=%2Fwp%2Fv2%2Fcomments&post=20723"}],"version-history":[{"count":0,"href":"https:\/\/obscom.intervozes.org.br\/index.php?rest_route=\/wp\/v2\/posts\/20723\/revisions"}],"wp:attachment":[{"href":"https:\/\/obscom.intervozes.org.br\/index.php?rest_route=%2Fwp%2Fv2%2Fmedia&parent=20723"}],"wp:term":[{"taxonomy":"category","embeddable":true,"href":"https:\/\/obscom.intervozes.org.br\/index.php?rest_route=%2Fwp%2Fv2%2Fcategories&post=20723"},{"taxonomy":"post_tag","embeddable":true,"href":"https:\/\/obscom.intervozes.org.br\/index.php?rest_route=%2Fwp%2Fv2%2Ftags&post=20723"}],"curies":[{"name":"wp","href":"https:\/\/api.w.org\/{rel}","templated":true}]}}