{"id":20719,"date":"2008-03-18T19:39:24","date_gmt":"2008-03-18T19:39:24","guid":{"rendered":"https:\/\/obscom.intervozes.org.br\/wordpress\/?p=20719"},"modified":"2008-03-18T19:39:24","modified_gmt":"2008-03-18T19:39:24","slug":"mudancas-para-permitir-fusao-saem-este-mes-diz-sardenberg","status":"publish","type":"post","link":"https:\/\/obscom.intervozes.org.br\/?p=20719","title":{"rendered":"Mudan\u00e7as para permitir fus\u00e3o saem este m\u00eas, diz Sardenberg"},"content":{"rendered":"<p><span>A proposta de altera&ccedil;&atilde;o do Plano Geral de Outorga (PGO) entrar&aacute; em consulta p&uacute;blica at&eacute; o final deste m&ecirc;s, como previu hoje o presidente da Anatel, Ronaldo Sardenberg. Ele disse que a proposta, devidamente adequada pelas &aacute;reas t&eacute;cnica e jur&iacute;dica, ser&aacute; apreciada na reuni&atilde;o do Conselho Diretor da ag&ecirc;ncia do pr&oacute;ximo dia 25 ou, no m&aacute;ximo, na do dia 27.<\/p>\n<p><\/span><span>Segundo Sardenberg, a atitude geral dos conselheiros &eacute; de otimismo com a evolu&ccedil;&atilde;o do processo que, frisou, obedecer&aacute; todos os ritos. &quot;A rea&ccedil;&atilde;o dos integrantes do conselho &eacute; essencialmente favor&aacute;vel &agrave; incorpora&ccedil;&atilde;o das mudan&ccedil;as propostas&quot;, disse.<\/p>\n<p><\/span><span>A consulta p&uacute;blica durar&aacute; entre 20 a 30 dias e, em seguida, ser&aacute; feita nova an&aacute;lise e nova delibera&ccedil;&atilde;o para aprova&ccedil;&atilde;o das altera&ccedil;&otilde;es. A proposta tamb&eacute;m ter&aacute; de ser avaliada pelo Conselho Consultivo da Anatel.<\/p>\n<p><\/span><span>A proposta de altera&ccedil;&atilde;o da PGO foi enviada &agrave; Anatel no dia 13 de fevereiro, depois da not&iacute;cia de interesse da Oi em comprar a Brasil Telecom. A fus&atilde;o das duas companhias depende dessa mudan&ccedil;a.<\/p>\n<p><\/span><span>Sardenberg disse que n&atilde;o houve press&atilde;o do governo em apressar o processo de mudan&ccedil;a da PGO para assegurar a fus&atilde;o, que tem a simpatia do executivo. A altera&ccedil;&atilde;o do PGO acontecer&aacute; mesmo que o neg&oacute;cio entre a Oi a Brasil Telecom n&atilde;o se concretize. &quot;O (novo) PGO est&aacute; sendo considerado como tal, como uma regra nova para que todos os interessados fa&ccedil;am uso dela&quot;, disse presidente da Anatel, assegurando que processos de fus&atilde;o est&atilde;o acontecendo no mundo inteiro.<\/p>\n<p><\/span><span><strong>Posse<\/p>\n<p><\/strong><\/span><span>O presidente da Anatel deu posse hoje a cinco integrantes do Conselho Consultivo da ag&ecirc;ncia, que passa agora a ter quorum qualificado de funcionamento, com nove membros. Por&eacute;m ainda faltam tr&ecirc;s nomes para que o quadro fique completo.<\/p>\n<p><\/span><span>Foram empossados hoje Igor Villas Boas (representante do Poder Executivo), Amadeu de Paula (representante do Senado), Jos&eacute; Zunga (representante da sociedade), Israel Bayma (representante da C&acirc;mara) e Ricardo Sanches (representante das prestadoras de servi&ccedil;os de telecom).<\/p>\n<p><\/span><span>J&aacute; faziam parte do colegiado Em&iacute;lia Ribeiro (Senado), Fl&aacute;via Levreve (Usu&aacute;rios), Marcelo Bechara (Exucutivo) e Wilson Vedana (C&acirc;mara). Este&nbsp; &uacute;ltimo deve assumir a presid&ecirc;ncia do Conselho Consultivo por ser o integrante mais velho.&nbsp; <\/span><\/p>\n","protected":false},"excerpt":{"rendered":"<p>A proposta de altera&ccedil;&atilde;o do Plano Geral de Outorga (PGO) entrar&aacute; em consulta p&uacute;blica at&eacute; o final deste m&ecirc;s, como previu hoje o presidente da Anatel, Ronaldo Sardenberg. Ele disse que a proposta, devidamente adequada pelas &aacute;reas t&eacute;cnica e jur&iacute;dica, ser&aacute; apreciada na reuni&atilde;o do Conselho Diretor da ag&ecirc;ncia do pr&oacute;ximo dia 25 ou, no &hellip; <a href=\"https:\/\/obscom.intervozes.org.br\/?p=20719\" class=\"more-link\">Continue lendo <span class=\"screen-reader-text\">Mudan\u00e7as para permitir fus\u00e3o saem este m\u00eas, diz Sardenberg<\/span> <span class=\"meta-nav\">&rarr;<\/span><\/a><\/p>\n","protected":false},"author":1,"featured_media":0,"comment_status":"open","ping_status":"open","sticky":false,"template":"","format":"standard","meta":{"footnotes":""},"categories":[40],"tags":[631],"_links":{"self":[{"href":"https:\/\/obscom.intervozes.org.br\/index.php?rest_route=\/wp\/v2\/posts\/20719"}],"collection":[{"href":"https:\/\/obscom.intervozes.org.br\/index.php?rest_route=\/wp\/v2\/posts"}],"about":[{"href":"https:\/\/obscom.intervozes.org.br\/index.php?rest_route=\/wp\/v2\/types\/post"}],"author":[{"embeddable":true,"href":"https:\/\/obscom.intervozes.org.br\/index.php?rest_route=\/wp\/v2\/users\/1"}],"replies":[{"embeddable":true,"href":"https:\/\/obscom.intervozes.org.br\/index.php?rest_route=%2Fwp%2Fv2%2Fcomments&post=20719"}],"version-history":[{"count":0,"href":"https:\/\/obscom.intervozes.org.br\/index.php?rest_route=\/wp\/v2\/posts\/20719\/revisions"}],"wp:attachment":[{"href":"https:\/\/obscom.intervozes.org.br\/index.php?rest_route=%2Fwp%2Fv2%2Fmedia&parent=20719"}],"wp:term":[{"taxonomy":"category","embeddable":true,"href":"https:\/\/obscom.intervozes.org.br\/index.php?rest_route=%2Fwp%2Fv2%2Fcategories&post=20719"},{"taxonomy":"post_tag","embeddable":true,"href":"https:\/\/obscom.intervozes.org.br\/index.php?rest_route=%2Fwp%2Fv2%2Ftags&post=20719"}],"curies":[{"name":"wp","href":"https:\/\/api.w.org\/{rel}","templated":true}]}}