{"id":20715,"date":"2008-03-18T17:08:03","date_gmt":"2008-03-18T17:08:03","guid":{"rendered":"https:\/\/obscom.intervozes.org.br\/wordpress\/?p=20715"},"modified":"2008-03-18T17:08:03","modified_gmt":"2008-03-18T17:08:03","slug":"juiza-do-mt-suspende-acao-contra-folha-com-base-em-decisao-do-stf","status":"publish","type":"post","link":"https:\/\/obscom.intervozes.org.br\/?p=20715","title":{"rendered":"Ju\u00edza do MT suspende a\u00e7\u00e3o contra Folha com base em decis\u00e3o do STF"},"content":{"rendered":"<p><span>O primeiro dos diversos pedidos individuais de revoga&ccedil;&atilde;o das a&ccedil;&otilde;es que a Folha de S. Paulo e a jornalista Elvira Lobato respondem na Justi&ccedil;a por causa da mat&eacute;ria &ldquo;Universal chega aos 30 anos com imp&eacute;rio empresarial&rdquo; foi aceito. A advogada Ta&iacute;s Gasparian pediu a ju&iacute;zes respons&aacute;veis pelas a&ccedil;&otilde;es movidas por fi&eacute;is da Igreja Universal que suspendessem os processos com base na decis&atilde;o do Supremo Tribunal Federal de suspender alguns artigos da Lei de Imprensa. Trata-se da ju&iacute;za Caroline Schneider Guanaes Sim&otilde;es, de Canarana, em Mato Grosso.<\/p>\n<p><\/span><span>Ta&iacute;s j&aacute; havia explicado ao Comunique-se que as peti&ccedil;&otilde;es se justificam j&aacute; que o ministro Carlos Ayres Britto, do STF, disse, em entrevista ao Estado de S. Paulo que, apesar de ter suspendido alguns dispositivos da Lei de Imprensa, os demais poderiam ser revogados por extens&atilde;o. <\/p>\n<p><\/span><span>Tudo leva a crer que a Folha dever&aacute; ter outras a&ccedil;&otilde;es suspensas j&aacute; que os processos movidos por fi&eacute;is da Universal se baseiam na Lei de Imprensa, mais precisamente nos artigos 49 e 75, n&atilde;o suspensos pelo STF, al&eacute;m dos C&oacute;digos Civil e Criminal.<\/p>\n<p><\/span><span>O diretor do site Consultor Jur&iacute;dico, M&aacute;rcio Chaer, explicou ao Comunique-se que os ju&iacute;zes podem levar em considera&ccedil;&atilde;o que as a&ccedil;&otilde;es podem ser suspensas sem levar em considera&ccedil;&atilde;o as leis civis e criminais. &ldquo;Depende do livre entendimento do juiz&rdquo;, disse.<\/p>\n<p><\/span><span>A Folha e Elvira j&aacute; tiveram 15 vit&oacute;rias em processos movidos por causa da reportagem que destacava as empresas supostamente n&atilde;o religiosas de propriedade dos bispos da Universal &#8211; empresa de seguro sa&uacute;de, ag&ecirc;ncia de turismo e t&aacute;xi a&eacute;reo. Os fi&eacute;is se sentiram ofendidos pela afirma&ccedil;&atilde;o: &ldquo;Uma hip&oacute;tese &eacute; que os d&iacute;zimos dos fi&eacute;is sejam esquentados em para&iacute;sos fiscais&rdquo;, a respeito de uma das empresas, a financiadora Unimetro. At&eacute; hoje, somam-se 75 a&ccedil;&otilde;es movidas na Justi&ccedil;a. <\/span><\/p>\n","protected":false},"excerpt":{"rendered":"<p>O primeiro dos diversos pedidos individuais de revoga&ccedil;&atilde;o das a&ccedil;&otilde;es que a Folha de S. Paulo e a jornalista Elvira Lobato respondem na Justi&ccedil;a por causa da mat&eacute;ria &ldquo;Universal chega aos 30 anos com imp&eacute;rio empresarial&rdquo; foi aceito. A advogada Ta&iacute;s Gasparian pediu a ju&iacute;zes respons&aacute;veis pelas a&ccedil;&otilde;es movidas por fi&eacute;is da Igreja Universal que &hellip; <a href=\"https:\/\/obscom.intervozes.org.br\/?p=20715\" class=\"more-link\">Continue lendo <span class=\"screen-reader-text\">Ju\u00edza do MT suspende a\u00e7\u00e3o contra Folha com base em decis\u00e3o do STF<\/span> <span class=\"meta-nav\">&rarr;<\/span><\/a><\/p>\n","protected":false},"author":1,"featured_media":0,"comment_status":"open","ping_status":"open","sticky":false,"template":"","format":"standard","meta":{"footnotes":""},"categories":[40],"tags":[651],"_links":{"self":[{"href":"https:\/\/obscom.intervozes.org.br\/index.php?rest_route=\/wp\/v2\/posts\/20715"}],"collection":[{"href":"https:\/\/obscom.intervozes.org.br\/index.php?rest_route=\/wp\/v2\/posts"}],"about":[{"href":"https:\/\/obscom.intervozes.org.br\/index.php?rest_route=\/wp\/v2\/types\/post"}],"author":[{"embeddable":true,"href":"https:\/\/obscom.intervozes.org.br\/index.php?rest_route=\/wp\/v2\/users\/1"}],"replies":[{"embeddable":true,"href":"https:\/\/obscom.intervozes.org.br\/index.php?rest_route=%2Fwp%2Fv2%2Fcomments&post=20715"}],"version-history":[{"count":0,"href":"https:\/\/obscom.intervozes.org.br\/index.php?rest_route=\/wp\/v2\/posts\/20715\/revisions"}],"wp:attachment":[{"href":"https:\/\/obscom.intervozes.org.br\/index.php?rest_route=%2Fwp%2Fv2%2Fmedia&parent=20715"}],"wp:term":[{"taxonomy":"category","embeddable":true,"href":"https:\/\/obscom.intervozes.org.br\/index.php?rest_route=%2Fwp%2Fv2%2Fcategories&post=20715"},{"taxonomy":"post_tag","embeddable":true,"href":"https:\/\/obscom.intervozes.org.br\/index.php?rest_route=%2Fwp%2Fv2%2Ftags&post=20715"}],"curies":[{"name":"wp","href":"https:\/\/api.w.org\/{rel}","templated":true}]}}