{"id":20707,"date":"2008-03-18T15:41:02","date_gmt":"2008-03-18T15:41:02","guid":{"rendered":"https:\/\/obscom.intervozes.org.br\/wordpress\/?p=20707"},"modified":"2008-03-18T15:41:02","modified_gmt":"2008-03-18T15:41:02","slug":"oi-e-brt-tem-ate-o-fim-do-mes-para-fechar-acordo","status":"publish","type":"post","link":"https:\/\/obscom.intervozes.org.br\/?p=20707","title":{"rendered":"Oi e BrT t\u00eam at\u00e9 o fim do m\u00eas para fechar acordo"},"content":{"rendered":"<p>O acordo entre os grupos Oi e Brasil Telecom (BrT) para a forma&ccedil;&atilde;o de uma nova empresa de telefonia s&oacute; poder&aacute; ser efetivado entre setembro e dezembro. E mesmo assim se, na melhor das hip&oacute;teses, a proposta de reestrutura&ccedil;&atilde;o entre os acionistas das duas empresas for assinada nos pr&oacute;ximos dias. Na semana passada, foram definidos aspectos importantes do acordo, entre eles a institui&ccedil;&atilde;o de uma multa, com valor estipulado entre R$ 100 milh&otilde;es e R$ 500 milh&otilde;es, a ser paga pelos controladores da Oi &agrave; BrT, caso o processo fracasse, mesmo que por impedimento legal. <\/p>\n<p>Segundo fontes que acompanham o processo, o atraso nas negocia&ccedil;&otilde;es, iniciadas em dezembro, levou &agrave; fixa&ccedil;&atilde;o de um prazo limite para a assinatura da proposta de reestrutura&ccedil;&atilde;o. Se n&atilde;o for batido o martelo ainda este m&ecirc;s, o projeto ser&aacute; abandonado. A incorpora&ccedil;&atilde;o da BrT pela Oi, vista com bons olhos pelo governo, n&atilde;o ocorrer&aacute; em qualquer condi&ccedil;&atilde;o. N&atilde;o ser&aacute; firmado &agrave; revelia de qualquer dos acionistas, mesmo que operacionalmente isso seja poss&iacute;vel. <\/p>\n<p>&Eacute; o caso do banco Opportunity. Embora a posi&ccedil;&atilde;o de Daniel Dantas &#8211; afastado da gest&atilde;o da BrT e fora do bloco de controle da Oi &#8211; n&atilde;o seja determinante para o fechamento do acordo, a proposta n&atilde;o sai sem a sua assinatura. H&aacute; uma enorme preocupa&ccedil;&atilde;o em evitar questionamentos judiciais ou uso pol&iacute;tico de um novo lit&iacute;gio na campanha eleitoral que come&ccedil;a em junho. Dantas, fundos de pens&atilde;o e Citigroup, acionistas da BrT, protagonizaram a maior disputa societ&aacute;ria da hist&oacute;ria empresarial brasileira. Agora, tentam chegar a um consenso para eliminar as a&ccedil;&otilde;es judiciais e &ldquo;limpar&rdquo; a empresa resultante da incorpora&ccedil;&atilde;o da BrT pela Oi. <\/p>\n<p>As informa&ccedil;&otilde;es de bastidores s&atilde;o de que Dantas, &agrave; revelia, ainda sairia desse neg&oacute;cio com R$ 1,1 bilh&atilde;o. Na hip&oacute;tese de concordar com todos os termos, embolsaria R$ 1,3 bilh&atilde;o. Juntando-se outros pagamentos, como participa&ccedil;&atilde;o na Telemig e participa&ccedil;&otilde;es dispersas na cadeia societ&aacute;ria, o saldo poderia chegar perto de R$ 2 bilh&otilde;es. Na hip&oacute;tese de fechamento de acordo sem a sua assinatura, poderia brigar na Justi&ccedil;a por indeniza&ccedil;&atilde;o e sacar um pouco mais. Caso o neg&oacute;cio n&atilde;o saia, permaneceria na mesma posi&ccedil;&atilde;o de s&oacute;cio sem poder de decis&atilde;o. Segundo fontes, o convencimento agora &eacute; de que sem o aval de todos o neg&oacute;cio n&atilde;o sai. <\/p>\n<p>Outro ponto importante j&aacute; acertado foi uma esp&eacute;cie de &ldquo;congelamento&rdquo; dos blocos de controle das operadoras, que continuariam a ser geridas de forma independente at&eacute; que a Anatel formalizasse a mudan&ccedil;a no Plano Geral de Outorgas, permitindo a incorpora&ccedil;&atilde;o. Durante esse prazo, n&atilde;o inferior a seis meses, nenhum deles poderia vender suas participa&ccedil;&otilde;es. As empresas poderiam at&eacute; comprar outros ativos e prosseguir na gest&atilde;o administrativa, mas ficariam &ldquo;engessadas&rdquo;. <\/p>\n<p>O presidente da companhia est&aacute; escolhido: Luiz Eduardo Falco, presidente da Oi, nome indicado pelos s&oacute;cios Andrade Gutierrez e La Fonte (Carlos Jereissati). Os fundos de pens&atilde;o (Previ, Funcef e Petros) aceitaram participa&ccedil;&atilde;o minorit&aacute;ria no conselho de administra&ccedil;&atilde;o, mas impuseram o &ldquo;qu&oacute;rum qualificado&rdquo; para decis&otilde;es estrat&eacute;gicas, como a aprova&ccedil;&atilde;o do or&ccedil;amento. Por esse sistema, as decis&otilde;es n&atilde;o s&atilde;o tomadas por maioria simples, mas por pelo menos dois ter&ccedil;os dos votos. <\/p>\n","protected":false},"excerpt":{"rendered":"<p>O acordo entre os grupos Oi e Brasil Telecom (BrT) para a forma&ccedil;&atilde;o de uma nova empresa de telefonia s&oacute; poder&aacute; ser efetivado entre setembro e dezembro. E mesmo assim se, na melhor das hip&oacute;teses, a proposta de reestrutura&ccedil;&atilde;o entre os acionistas das duas empresas for assinada nos pr&oacute;ximos dias. Na semana passada, foram definidos &hellip; <a href=\"https:\/\/obscom.intervozes.org.br\/?p=20707\" class=\"more-link\">Continue lendo <span class=\"screen-reader-text\">Oi e BrT t\u00eam at\u00e9 o fim do m\u00eas para fechar acordo<\/span> <span class=\"meta-nav\">&rarr;<\/span><\/a><\/p>\n","protected":false},"author":1,"featured_media":0,"comment_status":"open","ping_status":"open","sticky":false,"template":"","format":"standard","meta":{"footnotes":""},"categories":[40],"tags":[81],"_links":{"self":[{"href":"https:\/\/obscom.intervozes.org.br\/index.php?rest_route=\/wp\/v2\/posts\/20707"}],"collection":[{"href":"https:\/\/obscom.intervozes.org.br\/index.php?rest_route=\/wp\/v2\/posts"}],"about":[{"href":"https:\/\/obscom.intervozes.org.br\/index.php?rest_route=\/wp\/v2\/types\/post"}],"author":[{"embeddable":true,"href":"https:\/\/obscom.intervozes.org.br\/index.php?rest_route=\/wp\/v2\/users\/1"}],"replies":[{"embeddable":true,"href":"https:\/\/obscom.intervozes.org.br\/index.php?rest_route=%2Fwp%2Fv2%2Fcomments&post=20707"}],"version-history":[{"count":0,"href":"https:\/\/obscom.intervozes.org.br\/index.php?rest_route=\/wp\/v2\/posts\/20707\/revisions"}],"wp:attachment":[{"href":"https:\/\/obscom.intervozes.org.br\/index.php?rest_route=%2Fwp%2Fv2%2Fmedia&parent=20707"}],"wp:term":[{"taxonomy":"category","embeddable":true,"href":"https:\/\/obscom.intervozes.org.br\/index.php?rest_route=%2Fwp%2Fv2%2Fcategories&post=20707"},{"taxonomy":"post_tag","embeddable":true,"href":"https:\/\/obscom.intervozes.org.br\/index.php?rest_route=%2Fwp%2Fv2%2Ftags&post=20707"}],"curies":[{"name":"wp","href":"https:\/\/api.w.org\/{rel}","templated":true}]}}