{"id":20704,"date":"2008-03-17T19:33:43","date_gmt":"2008-03-17T19:33:43","guid":{"rendered":"https:\/\/obscom.intervozes.org.br\/wordpress\/?p=20704"},"modified":"2008-03-17T19:33:43","modified_gmt":"2008-03-17T19:33:43","slug":"alem-do-entretenimento","status":"publish","type":"post","link":"https:\/\/obscom.intervozes.org.br\/?p=20704","title":{"rendered":"Al\u00e9m do entretenimento"},"content":{"rendered":"<p>Na madrugada da &uacute;ltima quarta-feira, dia 12, o Senado aprovou a Medida Provis&oacute;ria que cria a TV Brasil, que j&aacute; operava desde o dia 2 de dezembro do ano passado.&nbsp;Em entrevista ao RIO M&Iacute;DIA, o diretor-geral da emissora, Orlando Senna, garantiu que 40% da grade ser&atilde;o preenchidos com produ&ccedil;&otilde;es voltadas para crian&ccedil;as e adolescentes. &ldquo;O que se observa, de uma forma geral, &eacute; que falta para esta faixa et&aacute;ria uma programa&ccedil;&atilde;o que contenha informa&ccedil;&atilde;o, educa&ccedil;&atilde;o e valores &eacute;ticos. A maior parte do que est&aacute; no ar se resume apenas ao entretenimento&rdquo;, avaliou.<\/p>\n<p>Orlando Senna tamb&eacute;m frisou que a TV Brasil trar&aacute; um novo modelo de fazer e ver televis&atilde;o. Os telespectadores participar&atilde;o n&atilde;o apenas criticando, mas produzindo. C&acirc;meras, celulares e outros meios digitais ser&atilde;o colocados &agrave; disposi&ccedil;&atilde;o da popula&ccedil;&atilde;o em diversas regi&otilde;es do pa&iacute;s.<\/p>\n<p>*<\/p>\n<p><strong>Produ&ccedil;&atilde;o de qualidade para crian&ccedil;as e jovens. Na sua avalia&ccedil;&atilde;o, como podemos definir m&iacute;dia de qualidade?<br \/><\/strong>Orlando Senna &#8211; A m&iacute;dia de qualidade tem tr&ecirc;s aspectos principais a serem considerados. A qualidade t&eacute;cnica que implica em sinal de televis&atilde;o, som e imagem, com defini&ccedil;&atilde;o e sem degrada&ccedil;&atilde;o. A qualidade art&iacute;stica, ou seja, a forma de express&atilde;o do conte&uacute;do, a est&eacute;tica. E a qualidade do conte&uacute;do, uma perna important&iacute;ssima deste trip&eacute;, principalmente quando se destina &agrave; crian&ccedil;as e adolescentes que, por ainda n&atilde;o possu&iacute;rem ju&iacute;zo cr&iacute;tico apurado, est&atilde;o vulner&aacute;veis &agrave;s informa&ccedil;&otilde;es recebidas, merecendo todo cuidado e aten&ccedil;&atilde;o poss&iacute;veis. O que se observa, de uma forma geral, &eacute; que falta para esta faixa et&aacute;ria uma programa&ccedil;&atilde;o que contenha informa&ccedil;&atilde;o, educa&ccedil;&atilde;o e valores &eacute;ticos. A maior parte do que est&aacute; no ar se resume apenas ao entretenimento.<\/p>\n<p><strong>De que forma a produ&ccedil;&atilde;o brasileira voltada para crian&ccedil;as e jovens ter&aacute; espa&ccedil;o na TV Brasil?<br \/><\/strong>A TV Brasil dedicar&aacute;, na sua nova grade, um espa&ccedil;o privilegiado para crian&ccedil;as e jovens. Essas faixas ocupar&atilde;o cerca de 40% de toda a programa&ccedil;&atilde;o.<\/p>\n<p><strong><br \/>Que projetos existem para esta &aacute;rea? Est&atilde;o previstos recursos, linhas de financiamento para produzir m&iacute;dia de qualidade para o p&uacute;blico infanto-juvenil? Haver&aacute; produ&ccedil;&atilde;o pr&oacute;pria ou independente?<br \/><\/strong>Os projetos s&atilde;o muitos. Al&eacute;m das produ&ccedil;&otilde;es pr&oacute;prias, ser&atilde;o lan&ccedil;ados, ainda no primeiro semestre deste ano, editais para produtores independentes no valor de aproximadamente R$ 8 milh&otilde;es, dedicados a essas faixas et&aacute;rias. H&aacute; projetos incluindo desenhos animados e uma s&eacute;rie de 40 epis&oacute;dios para adolescentes.<\/p>\n<p><strong>E qual ser&aacute; o espa&ccedil;o da educa&ccedil;&atilde;o, do entretenimento e da cultura na TV Brasil?<br \/><\/strong>A raz&atilde;o de ser de uma TV P&uacute;blica &eacute; a forma&ccedil;&atilde;o e o desenvolvimento da cidadania, lastreando-se na diversidade cultural, na pluralidade de pontos-de-vista, na isen&ccedil;&atilde;o jornal&iacute;stica e na inclus&atilde;o audiovisual. Sua obriga&ccedil;&atilde;o &eacute; informar, educar e entreter. E essa ser&aacute; a escala de prioridades para a ocupa&ccedil;&atilde;o de espa&ccedil;o desses assuntos.<\/p>\n<p><strong>Em uma TV Brasil, qual deve ser o papel do p&uacute;blico? Mero espectador?<br \/><\/strong>De forma alguma. A TV Brasil &eacute; o espelho eletr&ocirc;nico da sociedade brasileira. O p&uacute;blico &eacute; o protagonista e n&atilde;o apenas uma multid&atilde;o de espectadores passivos. O p&uacute;blico n&atilde;o s&oacute; vai poder criticar e sugerir, como tamb&eacute;m produzir conte&uacute;do por meio de c&acirc;meras, celulares e outros meios que ser&atilde;o colocados &agrave; disposi&ccedil;&atilde;o da popula&ccedil;&atilde;o em todas as regi&otilde;es do pa&iacute;s, seja nos Pontos de Culturas [projeto do Governo Federal\/Minist&eacute;rio da Cultura], nos cineclubes e nas associa&ccedil;&otilde;es comunit&aacute;rias. A TV Brasil est&aacute; desenvolvendo um sofisticado programa de internet para que o p&uacute;blico possa interagir com a emissora, inclusive em tempo real. A TV Brasil veio para revolucionar completamente a rela&ccedil;&atilde;o emissora-telespectador, estimulando o espectador a evoluir da passividade para uma atitude ativa, participativa.<\/p>\n<p><strong>De que forma a TV Brasil vai garantir de fato a participa&ccedil;&atilde;o da sociedade?<br \/><\/strong>Em primeira inst&acirc;ncia por meio do seu Conselho Curador, org&atilde;o maior da TV Brasil, composto por representantes da maioria dos setores da sociedade brasileira, que tem a fun&ccedil;&atilde;o de orientar e fiscalizar rigorosamente o funcionamento da TV Brasil. Em segundo lugar, pelas raz&otilde;es que expusemos anteriormente, ou seja, a sociedade brasileira vai compartilhar a produ&ccedil;&atilde;o da programa&ccedil;&atilde;o com os profissionais da emissora.<\/p>\n<p><strong>Qual o posicionamento da dire&ccedil;&atilde;o da TV Brasil com rela&ccedil;&atilde;o as cr&iacute;ticas do processo de escolha dos integrantes do Conselho? O Conselho j&aacute; tem atuado e de que forma?<br \/><\/strong><span>O processo de escolha do Conselho n&atilde;o foge a nenhum crit&eacute;rio utilizado no resto do mundo. Na Inglaterra, o primeiro Conselho, o Board of Governors, foi inteiramente escolhido pelo Primeiro Ministro e avalizado pela rainha. Depois de janeiro de 2007, o BBC Trust, o atual Conselho Curador deles, com 12 membros, foi escolhido pelo Minist&eacute;rio da Cultura, com representantes dos diversos setores sociais. <\/span>Os nomes s&atilde;o levados &agrave; rainha que os sanciona ou n&atilde;o e escolhe um membro do Parlamento para presidir. Na Fran&ccedil;a, o Conselho tem apenas nove membros, nomeados pelo Presidente da Rep&uacute;blica, pelo Senado e pela C&acirc;mara dos Deputados. Tudo no mundo pode ser aperfei&ccedil;oado e a forma de composi&ccedil;&atilde;o do nosso Conselho Curador tamb&eacute;m, mas temos a certeza de que come&ccedil;amos com crit&eacute;rios corretos. No momento, os atuais conselheiros est&atilde;o avaliando a proposta de auto-renova&ccedil;&atilde;o, na qual a escolha dos futuros membros seria feita a partir de consultas diretas, do atual grupo, &agrave; sociedade. O Conselho j&aacute; est&aacute; atuando. Ele tem feito recomenda&ccedil;&otilde;es essenciais, como a exig&ecirc;ncia de que a TV Brasil opere de forma plural em todos os seus programas. <\/p>\n<p><strong>O que os brasileiros podem esperar da TV Brasil?<br \/><\/strong>Ainda pouca gente compreende realmente a profundidade da transforma&ccedil;&atilde;o de uma sociedade quando surge uma televis&atilde;o p&uacute;blica de verdade, gerida e alimentada editorialmente pela popula&ccedil;&atilde;o. Muitos ainda confundem TV p&uacute;blica com TV estatal. N&atilde;o deveria haver essa confus&atilde;o, j&aacute; que uma &eacute; a voz da sociedade e a outra, a voz do governo. Se o governo quisesse uma TV estatal n&atilde;o precisaria criar a TV Brasil. Ele j&aacute; possu&iacute;a as emissoras da Radiobr&aacute;s que, inclusive, v&atilde;o deixar de existir. Embora financiada inicialmente pelo Estado, a TV P&uacute;blica pertence &agrave; sociedade, que dever&aacute; participar, criticar e fiscalizar. A TV Brasil n&atilde;o &eacute; um empreendimento de meia d&uacute;zia de pessoas. Ela tem que ser feita pela sociedade brasileira que &eacute; a verdadeira dona da emissora. A TV Brasil ser&aacute; o que o povo brasileiro quiser e fizer dela, &eacute; um trabalho conjunto. Os brasileiros podem esperar da TV Brasil um novo instrumento de exerc&iacute;cio da cidadania, um espa&ccedil;o para a manifesta&ccedil;&atilde;o de sua multiplicidade humana, cultural, religiosa, pol&iacute;tica, uma fonte independente e popular de informa&ccedil;&atilde;o e conhecimento, uma tribuna eletr&ocirc;nica para discuss&atilde;o das grandes quest&otilde;es nacionais, uma nova maneira de fazer e ver televis&atilde;o.<\/p>\n","protected":false},"excerpt":{"rendered":"<p>Diretor-geral da TV Brasil aponta prioridade para a produ\u00e7\u00e3o de conte\u00fados destinados a jovens e crian\u00e7as<\/p>\n","protected":false},"author":1,"featured_media":0,"comment_status":"open","ping_status":"open","sticky":false,"template":"","format":"standard","meta":{"footnotes":""},"categories":[43],"tags":[681,680],"_links":{"self":[{"href":"https:\/\/obscom.intervozes.org.br\/index.php?rest_route=\/wp\/v2\/posts\/20704"}],"collection":[{"href":"https:\/\/obscom.intervozes.org.br\/index.php?rest_route=\/wp\/v2\/posts"}],"about":[{"href":"https:\/\/obscom.intervozes.org.br\/index.php?rest_route=\/wp\/v2\/types\/post"}],"author":[{"embeddable":true,"href":"https:\/\/obscom.intervozes.org.br\/index.php?rest_route=\/wp\/v2\/users\/1"}],"replies":[{"embeddable":true,"href":"https:\/\/obscom.intervozes.org.br\/index.php?rest_route=%2Fwp%2Fv2%2Fcomments&post=20704"}],"version-history":[{"count":0,"href":"https:\/\/obscom.intervozes.org.br\/index.php?rest_route=\/wp\/v2\/posts\/20704\/revisions"}],"wp:attachment":[{"href":"https:\/\/obscom.intervozes.org.br\/index.php?rest_route=%2Fwp%2Fv2%2Fmedia&parent=20704"}],"wp:term":[{"taxonomy":"category","embeddable":true,"href":"https:\/\/obscom.intervozes.org.br\/index.php?rest_route=%2Fwp%2Fv2%2Fcategories&post=20704"},{"taxonomy":"post_tag","embeddable":true,"href":"https:\/\/obscom.intervozes.org.br\/index.php?rest_route=%2Fwp%2Fv2%2Ftags&post=20704"}],"curies":[{"name":"wp","href":"https:\/\/api.w.org\/{rel}","templated":true}]}}