{"id":20703,"date":"2008-03-17T19:14:08","date_gmt":"2008-03-17T19:14:08","guid":{"rendered":"https:\/\/obscom.intervozes.org.br\/wordpress\/?p=20703"},"modified":"2008-03-17T19:14:08","modified_gmt":"2008-03-17T19:14:08","slug":"festival-internacional-de-documentarios-e-tudo-verdade-exibe-137-titulos","status":"publish","type":"post","link":"https:\/\/obscom.intervozes.org.br\/?p=20703","title":{"rendered":"Festival Internacional de Document\u00e1rios &#8216;\u00c9 Tudo Verdade&#8217; exibe 137 t\u00edtulos"},"content":{"rendered":"<p>A 13&ordf; edi&ccedil;&atilde;o do &Eacute; tudo verdade &ndash; Festival Internacional de Document&aacute;rios estr&eacute;ia em S&atilde;o Paulo, no dia 26 de mar&ccedil;o, trazendo 137 t&iacute;tulos distribu&iacute;dos nas competi&ccedil;&otilde;es brasileira e internacional, e nas se&ccedil;&otilde;es Vidas Brasileiras, O Estado das Coisas, Foco Latino Americano, Horizonte, Proje&ccedil;&otilde;es Especiais, Homenagens e &ldquo;Round Midnight&rdquo; (obras sobre o grupo pop Joy Division e Wiliam Bourroughs).<\/p>\n<p>Quinze t&iacute;tulos, de 19 pa&iacute;ses, foram selecionados para a Competi&ccedil;&atilde;o Internacional de Longa ou M&eacute;dia-Metragem e nove para Competi&ccedil;&atilde;o Internacional de Curta-Metragem e disputar&atilde;o os pr&ecirc;mios de R$ 15 mil (longas e m&eacute;dias) e R$ 6 mil (curtas). Entre as produ&ccedil;&otilde;es brasileiras, foram selecionados sete longas e m&eacute;dias-metragens in&eacute;ditos e 11 curtas. O melhor longa\/m&eacute;dia recebe o pr&ecirc;mio CPFL Energia\/&Eacute; tudo verdade &ldquo;Janela para o Contempor&acirc;neo&rdquo; no valor de R$ 100 mil. Para o melhor curta brasileiro est&atilde;o previstos R$ 6 mil ao melhor trabalho, segundo o j&uacute;ri oficial.<\/p>\n<p>A 8&ordf; Confer&ecirc;ncia Internacional do Document&aacute;rio, que este ano tem como tema &ldquo;Document&aacute;rio Experimental&rdquo;, encerra o festival.<br \/>O festival acontece de 26 de mar&ccedil;o a 6 de abril em S&atilde;o Paulo, de 27 de mar&ccedil;o a 6 de abril no Rio de Janeiro e de 14 a 20 de abril em Bras&iacute;lia, al&eacute;m de promover extens&otilde;es em Recife, Bauru (SP) e Caxias do Sul (RS). <\/p>\n<p>Para mais informa&ccedil;&otilde;es acesse o site: <a href=\"http:\/\/www.itsalltrue.com.br\/\">www.itsalltrue.com.br<\/a><\/p>\n<p>As informa&ccedil;&otilde;es s&atilde;o da Tela Viva News.<\/p>\n","protected":false},"excerpt":{"rendered":"<p>A 13&ordf; edi&ccedil;&atilde;o do &Eacute; tudo verdade &ndash; Festival Internacional de Document&aacute;rios estr&eacute;ia em S&atilde;o Paulo, no dia 26 de mar&ccedil;o, trazendo 137 t&iacute;tulos distribu&iacute;dos nas competi&ccedil;&otilde;es brasileira e internacional, e nas se&ccedil;&otilde;es Vidas Brasileiras, O Estado das Coisas, Foco Latino Americano, Horizonte, Proje&ccedil;&otilde;es Especiais, Homenagens e &ldquo;Round Midnight&rdquo; (obras sobre o grupo pop Joy &hellip; <a href=\"https:\/\/obscom.intervozes.org.br\/?p=20703\" class=\"more-link\">Continue lendo <span class=\"screen-reader-text\">Festival Internacional de Document\u00e1rios &#8216;\u00c9 Tudo Verdade&#8217; exibe 137 t\u00edtulos<\/span> <span class=\"meta-nav\">&rarr;<\/span><\/a><\/p>\n","protected":false},"author":1,"featured_media":0,"comment_status":"open","ping_status":"open","sticky":false,"template":"","format":"standard","meta":{"footnotes":""},"categories":[39],"tags":[],"_links":{"self":[{"href":"https:\/\/obscom.intervozes.org.br\/index.php?rest_route=\/wp\/v2\/posts\/20703"}],"collection":[{"href":"https:\/\/obscom.intervozes.org.br\/index.php?rest_route=\/wp\/v2\/posts"}],"about":[{"href":"https:\/\/obscom.intervozes.org.br\/index.php?rest_route=\/wp\/v2\/types\/post"}],"author":[{"embeddable":true,"href":"https:\/\/obscom.intervozes.org.br\/index.php?rest_route=\/wp\/v2\/users\/1"}],"replies":[{"embeddable":true,"href":"https:\/\/obscom.intervozes.org.br\/index.php?rest_route=%2Fwp%2Fv2%2Fcomments&post=20703"}],"version-history":[{"count":0,"href":"https:\/\/obscom.intervozes.org.br\/index.php?rest_route=\/wp\/v2\/posts\/20703\/revisions"}],"wp:attachment":[{"href":"https:\/\/obscom.intervozes.org.br\/index.php?rest_route=%2Fwp%2Fv2%2Fmedia&parent=20703"}],"wp:term":[{"taxonomy":"category","embeddable":true,"href":"https:\/\/obscom.intervozes.org.br\/index.php?rest_route=%2Fwp%2Fv2%2Fcategories&post=20703"},{"taxonomy":"post_tag","embeddable":true,"href":"https:\/\/obscom.intervozes.org.br\/index.php?rest_route=%2Fwp%2Fv2%2Ftags&post=20703"}],"curies":[{"name":"wp","href":"https:\/\/api.w.org\/{rel}","templated":true}]}}