{"id":20702,"date":"2008-03-17T17:28:42","date_gmt":"2008-03-17T17:28:42","guid":{"rendered":"https:\/\/obscom.intervozes.org.br\/wordpress\/?p=20702"},"modified":"2008-03-17T17:28:42","modified_gmt":"2008-03-17T17:28:42","slug":"novela-e-ficcao-chute-na-santa-e-vida-real-diz-executivo-da-globo-em-resposta-a-record","status":"publish","type":"post","link":"https:\/\/obscom.intervozes.org.br\/?p=20702","title":{"rendered":"Novela \u00e9 fic\u00e7\u00e3o, chute na santa \u00e9 vida real, diz executivo da Globo em resposta \u00e0 Record"},"content":{"rendered":"<p style=\"margin: 0cm 0cm 0pt\" class=\"MsoNormal\"><span>A Globo reagiu &agrave; reportagem da Record de ontem &agrave; noite, na qual a emissora atacou o &quot;preconceito religioso&quot; que a novela &quot;Duas Caras&quot; estaria promovendo (segundo a pr&oacute;pria Record). Para o diretor da Central Globo de Comunica&ccedil;&atilde;o (CGCom), Luis Erlanger, a atitude mostra como a Record &eacute; preconceituosa e confunde fic&ccedil;&atilde;o com realidade. <\/p>\n<p><\/span><span>&quot;Chute na santa, campanha para acabar com as festas de S&atilde;o Jo&atilde;o etc., isto, sim, &eacute; coisa da vida real. O que se passa em &quot;Duas Caras&quot; &eacute; s&oacute; uma fic&ccedil;&atilde;o, afirmou Erlanger &agrave; Folha Online. <\/p>\n<p><\/span><span>&quot;O preconceito &eacute; deles (da Universal) que (automaticamente) colocam uma fan&aacute;tica desequilibrada como evang&eacute;lica, e n&atilde;o o Aguinaldo Silva. Que, ali&aacute;s, &eacute; um defensor de movimentos e de minorias.&quot; <\/p>\n<p><\/span><span>A &uacute;ltima reportagem de ontem no &quot;Domingo Espetacular&quot;, com v&aacute;rias chamadas, criticou a trama de Aguinaldo Silva por ter levado ao ar uma cena na qual a personagem Ediv&acirc;nia (Susana Ribeiro) comandava uma tentativa de linchamento do tri&acirc;ngulo amoroso formado pelos personagens D&aacute;lia (Leona Cavali), Bernardinho (Thiago Mendon&ccedil;a) e Heraldo (Alexandre Slaviero). A Globo foi acusada abertamente de incitar o preconceito contra evang&eacute;licos. H&aacute; um detalhe: em nenhum momento a novela usou a palavra &quot;evang&eacute;lico&quot;, embora seja &oacute;bvio que Ediv&acirc;nia perten&ccedil;a &agrave; corrente. <\/p>\n<p>As informa&ccedil;&otilde;es s&atilde;o da Folha Online.<\/span><\/p>\n","protected":false},"excerpt":{"rendered":"<p>A Globo reagiu &agrave; reportagem da Record de ontem &agrave; noite, na qual a emissora atacou o &quot;preconceito religioso&quot; que a novela &quot;Duas Caras&quot; estaria promovendo (segundo a pr&oacute;pria Record). Para o diretor da Central Globo de Comunica&ccedil;&atilde;o (CGCom), Luis Erlanger, a atitude mostra como a Record &eacute; preconceituosa e confunde fic&ccedil;&atilde;o com realidade. &quot;Chute &hellip; <a href=\"https:\/\/obscom.intervozes.org.br\/?p=20702\" class=\"more-link\">Continue lendo <span class=\"screen-reader-text\">Novela \u00e9 fic\u00e7\u00e3o, chute na santa \u00e9 vida real, diz executivo da Globo em resposta \u00e0 Record<\/span> <span class=\"meta-nav\">&rarr;<\/span><\/a><\/p>\n","protected":false},"author":1,"featured_media":0,"comment_status":"open","ping_status":"open","sticky":false,"template":"","format":"standard","meta":{"footnotes":""},"categories":[39],"tags":[],"_links":{"self":[{"href":"https:\/\/obscom.intervozes.org.br\/index.php?rest_route=\/wp\/v2\/posts\/20702"}],"collection":[{"href":"https:\/\/obscom.intervozes.org.br\/index.php?rest_route=\/wp\/v2\/posts"}],"about":[{"href":"https:\/\/obscom.intervozes.org.br\/index.php?rest_route=\/wp\/v2\/types\/post"}],"author":[{"embeddable":true,"href":"https:\/\/obscom.intervozes.org.br\/index.php?rest_route=\/wp\/v2\/users\/1"}],"replies":[{"embeddable":true,"href":"https:\/\/obscom.intervozes.org.br\/index.php?rest_route=%2Fwp%2Fv2%2Fcomments&post=20702"}],"version-history":[{"count":0,"href":"https:\/\/obscom.intervozes.org.br\/index.php?rest_route=\/wp\/v2\/posts\/20702\/revisions"}],"wp:attachment":[{"href":"https:\/\/obscom.intervozes.org.br\/index.php?rest_route=%2Fwp%2Fv2%2Fmedia&parent=20702"}],"wp:term":[{"taxonomy":"category","embeddable":true,"href":"https:\/\/obscom.intervozes.org.br\/index.php?rest_route=%2Fwp%2Fv2%2Fcategories&post=20702"},{"taxonomy":"post_tag","embeddable":true,"href":"https:\/\/obscom.intervozes.org.br\/index.php?rest_route=%2Fwp%2Fv2%2Ftags&post=20702"}],"curies":[{"name":"wp","href":"https:\/\/api.w.org\/{rel}","templated":true}]}}