{"id":20699,"date":"2008-03-17T15:46:17","date_gmt":"2008-03-17T15:46:17","guid":{"rendered":"https:\/\/obscom.intervozes.org.br\/wordpress\/?p=20699"},"modified":"2008-03-17T15:46:17","modified_gmt":"2008-03-17T15:46:17","slug":"comunicacao-multimidia-podera-ser-regulada-por-poder-de-mercado","status":"publish","type":"post","link":"https:\/\/obscom.intervozes.org.br\/?p=20699","title":{"rendered":"Comunica\u00e7\u00e3o multim\u00eddia poder\u00e1 ser regulada por poder de mercado"},"content":{"rendered":"<p><span>T&eacute;cnicos da Anatel come&ccedil;am a se debru&ccedil;ar sobre uma quest&atilde;o que at&eacute; ent&atilde;o n&atilde;o estava na pauta de pend&ecirc;ncias do mercado: &eacute; chegada a hora de enquadrar algumas empresas que t&ecirc;m licen&ccedil;as de servi&ccedil;o de comunica&ccedil;&atilde;o multim&iacute;dia (SCM) nos limites do poder de mercado significativo? <\/p>\n<p><\/span><span>At&eacute; pouco tempo &ndash; quem liderava essa posi&ccedil;&atilde;o, era o ex-conselheiro Jos&eacute; Leite Pereira Filho &ndash; a ag&ecirc;ncia preferia deixar que esse servi&ccedil;o fosse prestado sem muitas amarras regulat&oacute;rias, com o entendimento de que, quanto menor a interven&ccedil;&atilde;o, maior as chances de a competi&ccedil;&atilde;o florescer. Atualmente, centenas de empresas possuem licen&ccedil;as de SCM, e com ela prestam servi&ccedil;o de Voz sobre IP , telefonia fixa e de banda larga. <\/p>\n<p><\/span><span>Mas, ao lado do grande n&uacute;mero de pequenos prestadores de SCM, exploram tamb&eacute;m esse servi&ccedil;o as concession&aacute;rias de telefonia fixa e as operadoras de telefonia m&oacute;vel. E, por isso, entendem os t&eacute;cnicos, j&aacute; estaria na hora de definir os crit&eacute;rios para o enquadramento daqueles que t&ecirc;m poder de mercado e que, por isso, precisam ser controlados. <\/p>\n<p><\/span><span><strong>Escolas<\/p>\n<p><\/strong><\/span><span>&Eacute; com a licen&ccedil;a de SCM, por exemplo, que as concession&aacute;rias ir&atilde;o conectar gratuitamente, com banda larga &agrave; velocidade m&iacute;nima de 1Mbps, as 55 mil escolas p&uacute;blicas, cujo programa ser&aacute; anunciado pelo governo no final do m&ecirc;s, juntamente com a publica&ccedil;&atilde;o do decreto do novo Plano de Metas de Universaliza&ccedil;&atilde;o, que prev&ecirc; a troca da instala&ccedil;&atilde;o dos postos telef&ocirc;nicos pela constru&ccedil;&atilde;o da infovia de banda larga (backhaul).<\/span><span>&nbsp;<\/span><span>E, se nesse programa de conex&atilde;o &agrave; internet das escolas, as concession&aacute;rias aceitaram arcar com um n&iacute;vel de qualidade extremamente elevado (o que &eacute; muito bom para o pa&iacute;s), os t&eacute;cnicos da ag&ecirc;ncia entendem que tamb&eacute;m &eacute; chegada a hora de se definir crit&eacute;rios m&iacute;nimos de qualidade de servi&ccedil;o que precisam ser cumpridos pelos prestadores de SCM. <\/span><span>&nbsp;<\/span><span>Vale ressaltar que o documento a ser assinado pelas concession&aacute;rias para a conex&atilde;o &agrave;s escolas &eacute; fruto de uma longa &ndash; e saud&aacute;vel &ndash; negocia&ccedil;&atilde;o entre as empresas, governo e Anatel, e reflete um alto grau de maturidade de todos os agentes. O governo, de seu lado, acabou abrindo m&atilde;o de cl&aacute;usulas que eram mesmo inexeq&uuml;&iacute;veis, e as empresas, mesmo que entes privados, entenderam que s&atilde;o concession&aacute;rias e, por isso, instrumento de pol&iacute;ticas p&uacute;blicas. No final, at&eacute; mesmo cl&aacute;usulas desconhecidas do direito privado &ndash; como a aplica&ccedil;&atilde;o de vultosas multas sobre a presta&ccedil;&atilde;o de um servi&ccedil;o gratuito &ndash; foram assimiladas com naturalidade pelas operadoras. <\/span><\/p>\n","protected":false},"excerpt":{"rendered":"<p>T&eacute;cnicos da Anatel come&ccedil;am a se debru&ccedil;ar sobre uma quest&atilde;o que at&eacute; ent&atilde;o n&atilde;o estava na pauta de pend&ecirc;ncias do mercado: &eacute; chegada a hora de enquadrar algumas empresas que t&ecirc;m licen&ccedil;as de servi&ccedil;o de comunica&ccedil;&atilde;o multim&iacute;dia (SCM) nos limites do poder de mercado significativo? At&eacute; pouco tempo &ndash; quem liderava essa posi&ccedil;&atilde;o, era o &hellip; <a href=\"https:\/\/obscom.intervozes.org.br\/?p=20699\" class=\"more-link\">Continue lendo <span class=\"screen-reader-text\">Comunica\u00e7\u00e3o multim\u00eddia poder\u00e1 ser regulada por poder de mercado<\/span> <span class=\"meta-nav\">&rarr;<\/span><\/a><\/p>\n","protected":false},"author":1,"featured_media":0,"comment_status":"open","ping_status":"open","sticky":false,"template":"","format":"standard","meta":{"footnotes":""},"categories":[40],"tags":[152],"_links":{"self":[{"href":"https:\/\/obscom.intervozes.org.br\/index.php?rest_route=\/wp\/v2\/posts\/20699"}],"collection":[{"href":"https:\/\/obscom.intervozes.org.br\/index.php?rest_route=\/wp\/v2\/posts"}],"about":[{"href":"https:\/\/obscom.intervozes.org.br\/index.php?rest_route=\/wp\/v2\/types\/post"}],"author":[{"embeddable":true,"href":"https:\/\/obscom.intervozes.org.br\/index.php?rest_route=\/wp\/v2\/users\/1"}],"replies":[{"embeddable":true,"href":"https:\/\/obscom.intervozes.org.br\/index.php?rest_route=%2Fwp%2Fv2%2Fcomments&post=20699"}],"version-history":[{"count":0,"href":"https:\/\/obscom.intervozes.org.br\/index.php?rest_route=\/wp\/v2\/posts\/20699\/revisions"}],"wp:attachment":[{"href":"https:\/\/obscom.intervozes.org.br\/index.php?rest_route=%2Fwp%2Fv2%2Fmedia&parent=20699"}],"wp:term":[{"taxonomy":"category","embeddable":true,"href":"https:\/\/obscom.intervozes.org.br\/index.php?rest_route=%2Fwp%2Fv2%2Fcategories&post=20699"},{"taxonomy":"post_tag","embeddable":true,"href":"https:\/\/obscom.intervozes.org.br\/index.php?rest_route=%2Fwp%2Fv2%2Ftags&post=20699"}],"curies":[{"name":"wp","href":"https:\/\/api.w.org\/{rel}","templated":true}]}}