{"id":20689,"date":"2008-03-14T20:04:39","date_gmt":"2008-03-14T20:04:39","guid":{"rendered":"https:\/\/obscom.intervozes.org.br\/wordpress\/?p=20689"},"modified":"2008-03-14T20:04:39","modified_gmt":"2008-03-14T20:04:39","slug":"visita-de-zidane-agiliza-legalizacao-da-primeira-radio-de-sp","status":"publish","type":"post","link":"https:\/\/obscom.intervozes.org.br\/?p=20689","title":{"rendered":"Visita de Zidane agiliza legaliza\u00e7\u00e3o da primeira r\u00e1dio de SP"},"content":{"rendered":"<p>Quase dez anos depois de aprovada a Lei de Radiodifus&atilde;o Comunit&aacute;ria, a maior cidade do pa&iacute;s recebe sua primeira autoriza&ccedil;&atilde;o para o funcionamento de uma emissora nessa categoria. O ato de outorga do canal 87,5 FM &agrave; Uni&atilde;o de N&uacute;cleos, Associa&ccedil;&otilde;es e Sociedade de Moradores de Heli&oacute;polis e S&atilde;o Jo&atilde;o Cl&iacute;maco (Unas) foi publicado na &uacute;ltima quinta-feira (13\/3), no Di&aacute;rio Oficial da Uni&atilde;o. Com ele, a R&aacute;dio Heli&oacute;polis, fechada tantas vezes pela Pol&iacute;cia Federal e tantas vezes reaberta, reafirma sua legitimidade.<\/p>\n<p>A autoriza&ccedil;&atilde;o, no entanto, surge em meio a um processo conturbado de regulariza&ccedil;&atilde;o das r&aacute;dios comunit&aacute;rias em S&atilde;o Paulo. Segundo o Observat&oacute;rio do Direito &agrave; Comunica&ccedil;&atilde;o apurou, a interfer&ecirc;ncia direta da Presid&ecirc;ncia da Rep&uacute;blica levou o Minist&eacute;rio das Comunica&ccedil;&otilde;es a realizar em menos de uma semana as etapas finais do processo de outorga da Heli&oacute;polis. <\/p>\n<p>A ordem foi dada depois de quase um ano e meio de esfor&ccedil;os da sociedade para viabilizar a legaliza&ccedil;&atilde;o coletiva de diversas emissoras na capital. E por uma raz&atilde;o ex&oacute;tica: a visita do ex-jogador da sele&ccedil;&atilde;o francesa de futebol, Zinedine Zidane, &agrave; comunidade no domingo, dia 16. O craque franc&ecirc;s inaugurou a nova quadra esportiva da Unas. <\/p>\n<p>A Adidas, patrocinadora da benfeitoria e do atleta, convidou o presidente Lu&iacute;s In&aacute;cio Lula da Silva para participar do evento. Diante desta oportunidade, o Planalto avaliou quais seriam as a&ccedil;&otilde;es do governo federal que poderiam ser apresentadas pelo presidente no domingo.<\/p>\n<p>O nome da R&aacute;dio Heli&oacute;polis surgiu e, com ele, a informa&ccedil;&atilde;o de que a emissora n&atilde;o havia sido regularizada. A avalia&ccedil;&atilde;o dos assessores do governo foi de que a visita presidencial a uma comunidade onde uma r&aacute;dio aguarda h&aacute; anos legaliza&ccedil;&atilde;o &ldquo;pegaria mal&rdquo;.<\/p>\n<p>O resultado da correria em Bras&iacute;lia beneficia a comunidade de Heli&oacute;polis e refor&ccedil;a o pleito das diversas organiza&ccedil;&otilde;es que aguardam a mesma autoriza&ccedil;&atilde;o. Ao mesmo tempo, atesta a incapacidade do governo de, em cinco anos, definir uma pol&iacute;tica p&uacute;blica que d&ecirc; conta da demanda pela instala&ccedil;&atilde;o das r&aacute;dios comunit&aacute;rias.<\/p>\n<p><strong>Heli&oacute;polis e o caos paulistano<\/p>\n<p><\/strong>Funcionando desde 1992 no centro da maior favela da capital paulistana, a R&aacute;dio Heli&oacute;polis tornou-se um dos s&iacute;mbolos da persegui&ccedil;&atilde;o oficial &agrave;s comunit&aacute;rias ao ser lacrada, em julho de 2006, por agentes da PF e da Ag&ecirc;ncia Nacional de Telecomunica&ccedil;&otilde;es (Anatel). A mobiliza&ccedil;&atilde;o da comunidade e do movimento de r&aacute;dios conseguiu recolocar o sinal da Heli&oacute;polis no ar, com uma solu&ccedil;&atilde;o prec&aacute;ria: a emissora passou a funcionar em car&aacute;ter cient&iacute;fico-experimental, numa parceria com a Universidade Metodista de S&atilde;o Paulo. <\/p>\n<p>Neste vai-vem, o caso Heli&oacute;polis ganhou tamb&eacute;m notoriedade jur&iacute;dica. A Justi&ccedil;a Federal julgou a&ccedil;&atilde;o movida pela r&aacute;dio e proclamou que seu funcionamento sem autoriza&ccedil;&atilde;o do governo n&atilde;o configurava crime. Foi considerado il&iacute;cito administrativo. Ainda assim, h&aacute; duas semanas, agentes da Anatel estiveram na sede da r&aacute;dio, prontos para fech&aacute;-la novamente. &ldquo;Ligamos pra dire&ccedil;&atilde;o da Anatel aqui em SP e nem eles estavam sabendo desta a&ccedil;&atilde;o&rdquo;, contou Geronino Barbosa, uma das lideran&ccedil;as respons&aacute;veis pela emissora.<\/p>\n<p>De um lado, a autoriza&ccedil;&atilde;o p&otilde;e fim &agrave;s incertezas para a comunidade e, aparentemente, encerra a indecis&atilde;o do governo sobre como se comportar em rela&ccedil;&atilde;o &agrave;s r&aacute;dios comunit&aacute;rias na capital paulista. De outro, o espontane&iacute;smo com que surge a outorga surpreendeu os v&aacute;rios atores envolvidos no processo de regulariza&ccedil;&atilde;o coletiva iniciado em dezembro de 2006, com a publica&ccedil;&atilde;o do Aviso de Habilita&ccedil;&atilde;o para a capital paulista. <\/p>\n<p>O Aviso &eacute; um tipo de edital para promover o cadastro de interessados em receber a autoriza&ccedil;&atilde;o para r&aacute;dio comunit&aacute;ria. Responderam ao Aviso 154 entidades, das quais 117 foram consideradas aptas para concorrerem &agrave; autoriza&ccedil;&atilde;o. A Unas era uma destas mais de cem organiza&ccedil;&otilde;es habilitadas.<\/p>\n<p>&ldquo;O que &eacute; mais surpreendente &eacute; que, ao longo de todo este tempo, o Minist&eacute;rio das Comunica&ccedil;&otilde;es n&atilde;o fez qualquer esfor&ccedil;o para solucionar a quest&atilde;o paulistana, para chegar a um acordo para colocar o maior n&uacute;mero de r&aacute;dios no ar&rdquo;, avalia a advogada Anna Claudia Vazzoler, coordenadora do Escrit&oacute;rio Modelo D. Paulo Evaristo Arns. O escrit&oacute;rio assessorou diversas organiza&ccedil;&otilde;es no processo de habilita&ccedil;&atilde;o e acompanhou os esfor&ccedil;os de acordo feitos pelas pr&oacute;prias r&aacute;dios para garantirem as autoriza&ccedil;&otilde;es.<\/p>\n<p>Um dos esfor&ccedil;os vem sendo colocar o maior n&uacute;mero de emissoras em funcionamento, respeitando a dist&acirc;ncia obrigat&oacute;ria de 4 quil&ocirc;metros. A decis&atilde;o antecipada sobre a R&aacute;dio Heli&oacute;polis, por exemplo, pode dificultar a instala&ccedil;&atilde;o de r&aacute;dios por duas outras entidades habilitadas, nos bairros Sa&uacute;de e Vila Alpina.<\/p>\n<p>Ju&ccedil;ara Terezinha Zottis, da Associa&ccedil;&atilde;o Comunit&aacute;ria Cantareira, uma das entidades habilitadas junto ao minist&eacute;rio para receber a autoriza&ccedil;&atilde;o, espera que a decis&atilde;o indique a disposi&ccedil;&atilde;o de acelerar o processo de todas as r&aacute;dios comunit&aacute;rias. Mas ela se mostra surpresa. &ldquo;A gente est&aacute; se perguntando por que aquela r&aacute;dio e n&atilde;o todas. N&atilde;o d&aacute; pra saber qual o crit&eacute;rio do Minist&eacute;rio.&rdquo;<\/p>\n<p>Em tempo:&nbsp;o presidente Lula decidiu n&atilde;o participar da atividade com Zidane no domingo.<\/p>\n","protected":false},"excerpt":{"rendered":"<p>Ordem para legaliza\u00e7\u00e3o foi dada pela Presid\u00eancia da Rep\u00fablica em fun\u00e7\u00e3o da visita do craque franc\u00eas e da poss\u00edvel presen\u00e7a de Lula na comunidade no \u00faltimo domingo. Processo que durava anos foi conclu\u00eddo em uma semana.<\/p>\n","protected":false},"author":1,"featured_media":0,"comment_status":"open","ping_status":"open","sticky":false,"template":"","format":"standard","meta":{"footnotes":""},"categories":[40],"tags":[155],"_links":{"self":[{"href":"https:\/\/obscom.intervozes.org.br\/index.php?rest_route=\/wp\/v2\/posts\/20689"}],"collection":[{"href":"https:\/\/obscom.intervozes.org.br\/index.php?rest_route=\/wp\/v2\/posts"}],"about":[{"href":"https:\/\/obscom.intervozes.org.br\/index.php?rest_route=\/wp\/v2\/types\/post"}],"author":[{"embeddable":true,"href":"https:\/\/obscom.intervozes.org.br\/index.php?rest_route=\/wp\/v2\/users\/1"}],"replies":[{"embeddable":true,"href":"https:\/\/obscom.intervozes.org.br\/index.php?rest_route=%2Fwp%2Fv2%2Fcomments&post=20689"}],"version-history":[{"count":0,"href":"https:\/\/obscom.intervozes.org.br\/index.php?rest_route=\/wp\/v2\/posts\/20689\/revisions"}],"wp:attachment":[{"href":"https:\/\/obscom.intervozes.org.br\/index.php?rest_route=%2Fwp%2Fv2%2Fmedia&parent=20689"}],"wp:term":[{"taxonomy":"category","embeddable":true,"href":"https:\/\/obscom.intervozes.org.br\/index.php?rest_route=%2Fwp%2Fv2%2Fcategories&post=20689"},{"taxonomy":"post_tag","embeddable":true,"href":"https:\/\/obscom.intervozes.org.br\/index.php?rest_route=%2Fwp%2Fv2%2Ftags&post=20689"}],"curies":[{"name":"wp","href":"https:\/\/api.w.org\/{rel}","templated":true}]}}