{"id":20687,"date":"2008-03-14T18:43:12","date_gmt":"2008-03-14T18:43:12","guid":{"rendered":"https:\/\/obscom.intervozes.org.br\/wordpress\/?p=20687"},"modified":"2008-03-14T18:43:12","modified_gmt":"2008-03-14T18:43:12","slug":"licitacao-do-gesac-e-adiada-para-dia-25-de-abril","status":"publish","type":"post","link":"https:\/\/obscom.intervozes.org.br\/?p=20687","title":{"rendered":"Licita\u00e7\u00e3o do Gesac \u00e9 adiada para dia 25 de abril"},"content":{"rendered":"<p><span>A licita&ccedil;&atilde;o do Minist&eacute;rio das Comunica&ccedil;&otilde;es para contratar servi&ccedil;os de conectividade para o Programa Gesac (Governo Eletr&ocirc;nico &ndash; Servi&ccedil;o de Atendimento ao Cidad&atilde;o), prevista para acontecer no dia 2 de abril, foi adiada para dia 25 do mesmo m&ecirc;s. O aviso de reabertura de prazo foi publicado no Di&aacute;rio Oficial da Uni&atilde;o desta quinta-feira, 13. O adiamento deveu-se &agrave; necessidade de trocar cerca de quatro mil pontos urbanos por pontos rurais de acesso a banda larga via sat&eacute;lite.<\/span><span>&nbsp;<\/span> <\/p>\n<p style=\"margin: 0cm 0cm 0pt\" class=\"MsoNormal\"><span>O edital do leil&atilde;o prev&ecirc; a contrata&ccedil;&atilde;o total de 12 mil pontos. A licita&ccedil;&atilde;o vai permitir que uma mesma empresa participe da disputa em mais de um cons&oacute;rcio, desde que em lotes diferentes.&nbsp;<\/span><span>Com a licita&ccedil;&atilde;o, o Gesac ser&aacute; ampliado por todo o Brasil. O aumento permitir&aacute; que o Minist&eacute;rio das Comunica&ccedil;&otilde;es atenda a todos os 5.565 munic&iacute;pios brasileiros.&nbsp; <\/p>\n<p>As informa&ccedil;&otilde;es s&atilde;o da TeleS&iacute;ntese.<\/span><\/p>\n","protected":false},"excerpt":{"rendered":"<p>A licita&ccedil;&atilde;o do Minist&eacute;rio das Comunica&ccedil;&otilde;es para contratar servi&ccedil;os de conectividade para o Programa Gesac (Governo Eletr&ocirc;nico &ndash; Servi&ccedil;o de Atendimento ao Cidad&atilde;o), prevista para acontecer no dia 2 de abril, foi adiada para dia 25 do mesmo m&ecirc;s. O aviso de reabertura de prazo foi publicado no Di&aacute;rio Oficial da Uni&atilde;o desta quinta-feira, 13. &hellip; <a href=\"https:\/\/obscom.intervozes.org.br\/?p=20687\" class=\"more-link\">Continue lendo <span class=\"screen-reader-text\">Licita\u00e7\u00e3o do Gesac \u00e9 adiada para dia 25 de abril<\/span> <span class=\"meta-nav\">&rarr;<\/span><\/a><\/p>\n","protected":false},"author":1,"featured_media":0,"comment_status":"open","ping_status":"open","sticky":false,"template":"","format":"standard","meta":{"footnotes":""},"categories":[39],"tags":[],"_links":{"self":[{"href":"https:\/\/obscom.intervozes.org.br\/index.php?rest_route=\/wp\/v2\/posts\/20687"}],"collection":[{"href":"https:\/\/obscom.intervozes.org.br\/index.php?rest_route=\/wp\/v2\/posts"}],"about":[{"href":"https:\/\/obscom.intervozes.org.br\/index.php?rest_route=\/wp\/v2\/types\/post"}],"author":[{"embeddable":true,"href":"https:\/\/obscom.intervozes.org.br\/index.php?rest_route=\/wp\/v2\/users\/1"}],"replies":[{"embeddable":true,"href":"https:\/\/obscom.intervozes.org.br\/index.php?rest_route=%2Fwp%2Fv2%2Fcomments&post=20687"}],"version-history":[{"count":0,"href":"https:\/\/obscom.intervozes.org.br\/index.php?rest_route=\/wp\/v2\/posts\/20687\/revisions"}],"wp:attachment":[{"href":"https:\/\/obscom.intervozes.org.br\/index.php?rest_route=%2Fwp%2Fv2%2Fmedia&parent=20687"}],"wp:term":[{"taxonomy":"category","embeddable":true,"href":"https:\/\/obscom.intervozes.org.br\/index.php?rest_route=%2Fwp%2Fv2%2Fcategories&post=20687"},{"taxonomy":"post_tag","embeddable":true,"href":"https:\/\/obscom.intervozes.org.br\/index.php?rest_route=%2Fwp%2Fv2%2Ftags&post=20687"}],"curies":[{"name":"wp","href":"https:\/\/api.w.org\/{rel}","templated":true}]}}