{"id":20680,"date":"2008-03-14T14:09:45","date_gmt":"2008-03-14T14:09:45","guid":{"rendered":"https:\/\/obscom.intervozes.org.br\/wordpress\/?p=20680"},"modified":"2008-03-14T14:09:45","modified_gmt":"2008-03-14T14:09:45","slug":"ministerio-autoriza-funcionamento-da-primeira-radio-comunitaria-em-sao-paulo","status":"publish","type":"post","link":"https:\/\/obscom.intervozes.org.br\/?p=20680","title":{"rendered":"Minist\u00e9rio autoriza funcionamento da primeira r\u00e1dio comunit\u00e1ria em S\u00e3o Paulo"},"content":{"rendered":"<p>S&atilde;o Paulo &#8211; O Minist&eacute;rio das Comunica&ccedil;&otilde;es publicou hoje (13) no Di&aacute;rio Oficial da Uni&atilde;o autoriza&ccedil;&atilde;o para a primeira r&aacute;dio comunit&aacute;ria do munic&iacute;pio de S&atilde;o Paulo entrar no ar. A concess&atilde;o, de dez anos, foi dada &agrave; Uni&atilde;o de N&uacute;cleos, Associa&ccedil;&otilde;es e Sociedade de Moradores de Heli&oacute;polis e S&atilde;o Jo&atilde;o Cl&iacute;maco (Unas), entidade comunit&aacute;ria da favela Heli&oacute;polis, a maior da cidade.<\/p>\n<p>A r&aacute;dio vai funcionar em FM na freq&uuml;&ecirc;ncia 87,7 Mhz, com emiss&atilde;o restrita &agrave; regi&atilde;o. A Unas j&aacute; havia recebido, em outubro de 2006, uma autoriza&ccedil;&atilde;o provis&oacute;ria para operar sua emissora experimentalmente. Agora, depois da autoriza&ccedil;&atilde;o, depende da aprova&ccedil;&atilde;o do Congresso Nacional para obter a concess&atilde;o v&aacute;lida por dez anos. <\/p>\n<p>A R&aacute;dio Heli&oacute;polis, nome da emissora da entidade, ser&aacute; a primeira r&aacute;dio comunit&aacute;ria a funcionar com outorga do minist&eacute;rio no munic&iacute;pio. &ldquo;Provamos a todo momento que a R&aacute;dio Heli&oacute;polis &eacute; uma r&aacute;dio comunit&aacute;ria, que presta servi&ccedil;o &agrave; comunidade. Est&aacute; a&iacute; o nosso programa de DST\/aids, que fala sobre sexualidade, gravidez na adolesc&ecirc;ncia e aborto&rdquo;, disse o coordenador da emissora, Geronino Barbosa.<\/p>\n<p>Em julho de 2006 a r&aacute;dio, que operava na favela desde 1992, sem outorga do minist&eacute;rio, foi fechada por agentes da Pol&iacute;cia Federal e da Ag&ecirc;ncia Nacional de Telecomunica&ccedil;&otilde;es (Anatel). Em outubro do mesmo ano, a emissora obteve da Anatel uma permiss&atilde;o liminar para opera&ccedil;&atilde;o em car&aacute;ter cient&iacute;fico-experimental. Em parceria com a Universidade Metodista de S&atilde;o Paulo, a r&aacute;dio p&ocirc;de voltar a falar para os cerca de 125 mil habitantes da favela.<\/p>\n<p>No per&iacute;odo em que esteve no ar sem outorga, o Minist&eacute;rio das Comunica&ccedil;&otilde;es n&atilde;o disponibilizava um canal para a opera&ccedil;&atilde;o de r&aacute;dios comunit&aacute;rias em S&atilde;o Paulo. Somente em dezembro de 2006 o governo abriu para a capital paulista a possibilidade de opera&ccedil;&atilde;o de r&aacute;dios comunit&aacute;rias e disponibilizou um canal.<\/p>\n<p>Em julho de 2007, uma decis&atilde;o da Turma Recursal do Juizado Especial Federal de S&atilde;o Paulo entendeu que o funcionamento da R&aacute;dio Heli&oacute;polis, no per&iacute;odo em que esteve no ar sem autoriza&ccedil;&atilde;o do governo, n&atilde;o configurou crime. Foi considerado il&iacute;cito administrativo.<\/p>\n<p>&ldquo;Ser a primeira r&aacute;dio legalizada da capital de S&atilde;o Paulo abre caminho para a legaliza&ccedil;&atilde;o imediata de mais 30 ou 40 r&aacute;dios comunit&aacute;rias na cidade. Isso j&aacute; est&aacute; no Minist&eacute;rio das Comunica&ccedil;&otilde;es pronto para a receber a assinatura do ministro H&eacute;lio Costa&rdquo;, afirmou Sergio Gomes, diretor da Obor&eacute; &ndash; Escrit&oacute;rio Paulista da Associa&ccedil;&atilde;o Mundial de R&aacute;dios Comunit&aacute;rias (Amarc).<\/p>\n<p>Depois que o governo abriu a possibilidade de funcionamento de r&aacute;dios comunit&aacute;rias em S&atilde;o Paulo, em dezembro de 2006, centenas de organiza&ccedil;&otilde;es pediram autoriza&ccedil;&atilde;o para operar emissoras, inclusive a Unas. O Minist&eacute;rio das Comunica&ccedil;&otilde;es habilitou 117 entidades para participar do processo de outorga de concess&otilde;es. No entanto, apenas a R&aacute;dio Heli&oacute;polis foi beneficiada at&eacute; o momento.&nbsp; <\/p>\n<p>&ldquo;Eu tamb&eacute;m estou querendo entender isso. N&oacute;s estamos no mesmo processo. Como &eacute; que a Heli&oacute;polis recebeu e n&oacute;s n&atilde;o&rdquo;, questionou Jussara Terezinha Zoetis, uma das coordenadoras da associa&ccedil;&atilde;o comunit&aacute;ria Cantareira, que tamb&eacute;m reivindica uma concess&atilde;o para operar uma r&aacute;dio em Brasil&acirc;ndia, bairro da zona norte da capital. <\/p>\n<p>Segundo ela, &quot;desde o final de outubro n&oacute;s n&atilde;o temos informa&ccedil;&otilde;es&quot; sobre o andamento do processo de outorga da r&aacute;dio. Procurado, o minist&eacute;rio ainda n&atilde;o se manifestou sobre o assunto.<\/p>\n","protected":false},"excerpt":{"rendered":"<p>S&atilde;o Paulo &#8211; O Minist&eacute;rio das Comunica&ccedil;&otilde;es publicou hoje (13) no Di&aacute;rio Oficial da Uni&atilde;o autoriza&ccedil;&atilde;o para a primeira r&aacute;dio comunit&aacute;ria do munic&iacute;pio de S&atilde;o Paulo entrar no ar. A concess&atilde;o, de dez anos, foi dada &agrave; Uni&atilde;o de N&uacute;cleos, Associa&ccedil;&otilde;es e Sociedade de Moradores de Heli&oacute;polis e S&atilde;o Jo&atilde;o Cl&iacute;maco (Unas), entidade comunit&aacute;ria da &hellip; <a href=\"https:\/\/obscom.intervozes.org.br\/?p=20680\" class=\"more-link\">Continue lendo <span class=\"screen-reader-text\">Minist\u00e9rio autoriza funcionamento da primeira r\u00e1dio comunit\u00e1ria em S\u00e3o Paulo<\/span> <span class=\"meta-nav\">&rarr;<\/span><\/a><\/p>\n","protected":false},"author":1,"featured_media":0,"comment_status":"open","ping_status":"open","sticky":false,"template":"","format":"standard","meta":{"footnotes":""},"categories":[40],"tags":[676],"_links":{"self":[{"href":"https:\/\/obscom.intervozes.org.br\/index.php?rest_route=\/wp\/v2\/posts\/20680"}],"collection":[{"href":"https:\/\/obscom.intervozes.org.br\/index.php?rest_route=\/wp\/v2\/posts"}],"about":[{"href":"https:\/\/obscom.intervozes.org.br\/index.php?rest_route=\/wp\/v2\/types\/post"}],"author":[{"embeddable":true,"href":"https:\/\/obscom.intervozes.org.br\/index.php?rest_route=\/wp\/v2\/users\/1"}],"replies":[{"embeddable":true,"href":"https:\/\/obscom.intervozes.org.br\/index.php?rest_route=%2Fwp%2Fv2%2Fcomments&post=20680"}],"version-history":[{"count":0,"href":"https:\/\/obscom.intervozes.org.br\/index.php?rest_route=\/wp\/v2\/posts\/20680\/revisions"}],"wp:attachment":[{"href":"https:\/\/obscom.intervozes.org.br\/index.php?rest_route=%2Fwp%2Fv2%2Fmedia&parent=20680"}],"wp:term":[{"taxonomy":"category","embeddable":true,"href":"https:\/\/obscom.intervozes.org.br\/index.php?rest_route=%2Fwp%2Fv2%2Fcategories&post=20680"},{"taxonomy":"post_tag","embeddable":true,"href":"https:\/\/obscom.intervozes.org.br\/index.php?rest_route=%2Fwp%2Fv2%2Ftags&post=20680"}],"curies":[{"name":"wp","href":"https:\/\/api.w.org\/{rel}","templated":true}]}}